{"id":463,"date":"2014-01-15T11:47:48","date_gmt":"2014-01-15T11:47:48","guid":{"rendered":"http:\/\/vista.themeple.co\/?p=463"},"modified":"2018-09-28T10:09:44","modified_gmt":"2018-09-28T08:09:44","slug":"desempleados-larga-duracion","status":"publish","type":"post","link":"https:\/\/www.bufetgambus.com\/es\/desempleados-larga-duracion\/","title":{"rendered":"Desempleados de larga duraci\u00f3n"},"content":{"rendered":"<h1>MEDIDAS TEMPORALES DE RECUALIFICACION PROFESIONAL\u00a0<strong>(RDL 1\/2011 Art. 2 y 3; RDL 1\/2013; SPEE RESOLUCION 1-8-13; RESOLUCION 12214)<\/strong><\/h1>\n<p>Hoy nuestro <strong>despacho de abogados en Barcelona<\/strong>, el bufete Gamb\u00fas, le trae un nuevo art\u00edculo, \u00a1no se lo pierda!<\/p>\n<p>Esta norma desarrolla medidas de reinserci\u00f3n y de recualificaci\u00f3n profesional y comporta para aquellos que re\u00fanan los requisitos exigidos la posibilidad de <strong>beneficiarse con una ayuda econ\u00f3mica<\/strong>, una vez agotada la prestaci\u00f3n por desempleo, por un plazo m\u00e1ximo de 6 meses.<\/p>\n<p>\u201cLos desempleados que extingan por agotamiento la prestaci\u00f3n o subsidio de desempleo tienen derecho temporalmente, a una prestaci\u00f3n de desempleo o extraordinaria en las condiciones siguiente:<\/p>\n<p><!--more--><\/p>\n<ol>\n<li>Las medidas que comprende este programa son:<\/li>\n<\/ol>\n<ol style=\"list-style-type: upper-roman;\">\n<li>Un itinerario individualizado y personalizado de inserci\u00f3n<\/li>\n<li>Medidas encaminadas a la recualificaci\u00f3n y\/o reinserci\u00f3n profesional<\/li>\n<li>Una ayuda econ\u00f3mica de acompa\u00f1amiento del 75% del <strong>IPREM<\/strong> mensual, hasta un m\u00e1ximo de 6 meses. En caso de tener a cargo en el momento de la solicitud, al menos, 3 miembros de la unidad familiar, la ayuda es equivalente al 85% del IPREM. A estos efectos, se entiende como familiar a cargo al c\u00f3nyuge y\/o hijos menores de 26 a\u00f1os, o mayores con una discapacidad en grado igual o superior al 33% o menores acogidos, y que carezcan individualmente de rentas propias o superiores al 75% del SMI en computo mensual excluida la parte proporcional de dos pagas extraordinarias.<\/li>\n<\/ol>\n<p style=\"padding-left: 30px;\">2. No pueden beneficiarse las personas que hubieran percibido la prestaci\u00f3n extraordinaria del programa temporal por protecci\u00f3n por desempleo e inserci\u00f3n. Ni las personas que hubieran sido o pudieran ser beneficiarias del programa de recualificaci\u00f3n profesional de las personas que agoten su protecci\u00f3n por desempleo (RDL 1\/2011), incluidas sus prorrogas, ni las que hubieran agotado o pudieran tener derecho a la renta activa de inserci\u00f3n, ni las que hubieran agotado la renta agraria o el subsidio por desempleo de los trabajadores eventuales agrarios.<\/p>\n<p style=\"padding-left: 30px;\">Recuerde que con Bufet Gamb\u00fas, su <strong>bufete de abogados en Barcelona<\/strong>, dispone de un equipo de profesionales en econom\u00eda y abogac\u00eda en Barcelona. Puede contactar con nosotros sin compromiso desde la secci\u00f3n de <a href=\"http:\/\/www.bufetgambus.com\/es\/contacto\/\">contacto<\/a> de nuestra p\u00e1gina.<\/p>\n","protected":false},"excerpt":{"rendered":"<p>MEDIDAS TEMPORALES DE RECUALIFICACION PROFESIONAL\u00a0(RDL 1\/2011 Art. 2 y 3; RDL 1\/2013; SPEE RESOLUCION 1-8-13; RESOLUCION 12214) Hoy nuestro despacho de abogados en Barcelona, el bufete Gamb\u00fas, le trae un nuevo art\u00edculo, \u00a1no se lo pierda! Esta norma desarrolla medidas de reinserci\u00f3n y de recualificaci\u00f3n profesional y comporta para aquellos que re\u00fanan los requisitos exigidos [&hellip;]<\/p>\n","protected":false},"author":5,"featured_media":1620,"comment_status":"open","ping_status":"open","sticky":false,"template":"","format":"standard","meta":{"footnotes":""},"categories":[4],"tags":[],"class_list":["post-463","post","type-post","status-publish","format-standard","has-post-thumbnail","hentry","category-comercio-exterior"],"yoast_head":"<!-- This site is optimized with the Yoast SEO plugin v21.4 - https:\/\/yoast.com\/wordpress\/plugins\/seo\/ -->\n<title>Medidas temporales de recualifiaci\u00f3n profesional | Bufet Gamb\u00fas<\/title>\n<meta name=\"description\" content=\"Desempleados de larga duraci\u00f3n y de las medidas temporales de recualificaci\u00f3n profesional. Bufet Gamb\u00fas, su bufete de abogados en Barcelona.\" \/>\n<meta name=\"robots\" content=\"index, follow, max-snippet:-1, max-image-preview:large, max-video-preview:-1\" \/>\n<link rel=\"canonical\" href=\"https:\/\/www.bufetgambus.com\/es\/desempleados-larga-duracion\/\" \/>\n<meta property=\"og:locale\" content=\"es_ES\" \/>\n<meta property=\"og:type\" content=\"article\" \/>\n<meta property=\"og:title\" content=\"Medidas temporales de recualifiaci\u00f3n profesional | Bufet Gamb\u00fas\" \/>\n<meta property=\"og:description\" content=\"Desempleados de larga duraci\u00f3n y de las medidas temporales de recualificaci\u00f3n profesional. Bufet Gamb\u00fas, su bufete de abogados en Barcelona.\" \/>\n<meta property=\"og:url\" content=\"https:\/\/www.bufetgambus.com\/es\/desempleados-larga-duracion\/\" \/>\n<meta property=\"og:site_name\" content=\"Bufet Gambus\" \/>\n<meta property=\"article:published_time\" content=\"2014-01-15T11:47:48+00:00\" \/>\n<meta property=\"article:modified_time\" content=\"2018-09-28T08:09:44+00:00\" \/>\n<meta property=\"og:image\" content=\"https:\/\/www.bufetgambus.com\/wp-content\/uploads\/2014\/01\/desempleados-de-larga-duracion-gambus.jpg\" \/>\n\t<meta property=\"og:image:width\" content=\"693\" \/>\n\t<meta property=\"og:image:height\" content=\"400\" \/>\n\t<meta property=\"og:image:type\" content=\"image\/jpeg\" \/>\n<meta name=\"author\" content=\"Luzneyla\" \/>\n<meta name=\"twitter:card\" content=\"summary_large_image\" \/>\n<meta name=\"twitter:label1\" content=\"Escrito por\" \/>\n\t<meta name=\"twitter:data1\" content=\"Luzneyla\" \/>\n\t<meta name=\"twitter:label2\" content=\"Tiempo de lectura\" \/>\n\t<meta name=\"twitter:data2\" content=\"2 minutos\" \/>\n<script type=\"application\/ld+json\" class=\"yoast-schema-graph\">{\"@context\":\"https:\/\/schema.org\",\"@graph\":[{\"@type\":\"Article\",\"@id\":\"https:\/\/www.bufetgambus.com\/es\/desempleados-larga-duracion\/#article\",\"isPartOf\":{\"@id\":\"https:\/\/www.bufetgambus.com\/es\/desempleados-larga-duracion\/\"},\"author\":{\"name\":\"Luzneyla\",\"@id\":\"https:\/\/www.bufetgambus.com\/#\/schema\/person\/cace25d8f22675c0115f46590b3fe563\"},\"headline\":\"Desempleados de larga duraci\u00f3n\",\"datePublished\":\"2014-01-15T11:47:48+00:00\",\"dateModified\":\"2018-09-28T08:09:44+00:00\",\"mainEntityOfPage\":{\"@id\":\"https:\/\/www.bufetgambus.com\/es\/desempleados-larga-duracion\/\"},\"wordCount\":368,\"commentCount\":0,\"publisher\":{\"@id\":\"https:\/\/www.bufetgambus.com\/#organization\"},\"articleSection\":[\"Comercio Exterior\"],\"inLanguage\":\"es\",\"potentialAction\":[{\"@type\":\"CommentAction\",\"name\":\"Comment\",\"target\":[\"https:\/\/www.bufetgambus.com\/es\/desempleados-larga-duracion\/#respond\"]}]},{\"@type\":\"WebPage\",\"@id\":\"https:\/\/www.bufetgambus.com\/es\/desempleados-larga-duracion\/\",\"url\":\"https:\/\/www.bufetgambus.com\/es\/desempleados-larga-duracion\/\",\"name\":\"Medidas temporales de recualifiaci\u00f3n profesional | Bufet Gamb\u00fas\",\"isPartOf\":{\"@id\":\"https:\/\/www.bufetgambus.com\/#website\"},\"datePublished\":\"2014-01-15T11:47:48+00:00\",\"dateModified\":\"2018-09-28T08:09:44+00:00\",\"description\":\"Desempleados de larga duraci\u00f3n y de las medidas temporales de recualificaci\u00f3n profesional. Bufet Gamb\u00fas, su bufete de abogados en Barcelona.\",\"breadcrumb\":{\"@id\":\"https:\/\/www.bufetgambus.com\/es\/desempleados-larga-duracion\/#breadcrumb\"},\"inLanguage\":\"es\",\"potentialAction\":[{\"@type\":\"ReadAction\",\"target\":[\"https:\/\/www.bufetgambus.com\/es\/desempleados-larga-duracion\/\"]}]},{\"@type\":\"BreadcrumbList\",\"@id\":\"https:\/\/www.bufetgambus.com\/es\/desempleados-larga-duracion\/#breadcrumb\",\"itemListElement\":[{\"@type\":\"ListItem\",\"position\":1,\"name\":\"Portada\",\"item\":\"https:\/\/www.bufetgambus.com\/es\/\"},{\"@type\":\"ListItem\",\"position\":2,\"name\":\"Desempleados de larga duraci\u00f3n\"}]},{\"@type\":\"WebSite\",\"@id\":\"https:\/\/www.bufetgambus.com\/#website\",\"url\":\"https:\/\/www.bufetgambus.com\/\",\"name\":\"Bufet Gambus\",\"description\":\"\",\"publisher\":{\"@id\":\"https:\/\/www.bufetgambus.com\/#organization\"},\"potentialAction\":[{\"@type\":\"SearchAction\",\"target\":{\"@type\":\"EntryPoint\",\"urlTemplate\":\"https:\/\/www.bufetgambus.com\/?s={search_term_string}\"},\"query-input\":\"required name=search_term_string\"}],\"inLanguage\":\"es\"},{\"@type\":\"Organization\",\"@id\":\"https:\/\/www.bufetgambus.com\/#organization\",\"name\":\"Bufet Gamb\u00fas - Advocats i Economistes\",\"url\":\"https:\/\/www.bufetgambus.com\/\",\"logo\":{\"@type\":\"ImageObject\",\"inLanguage\":\"es\",\"@id\":\"https:\/\/www.bufetgambus.com\/#\/schema\/logo\/image\/\",\"url\":\"https:\/\/www.bufetgambus.com\/wp-content\/uploads\/2018\/04\/Logo-bufet-gambus-renovado.png\",\"contentUrl\":\"https:\/\/www.bufetgambus.com\/wp-content\/uploads\/2018\/04\/Logo-bufet-gambus-renovado.png\",\"width\":1200,\"height\":404,\"caption\":\"Bufet Gamb\u00fas - Advocats i Economistes\"},\"image\":{\"@id\":\"https:\/\/www.bufetgambus.com\/#\/schema\/logo\/image\/\"}},{\"@type\":\"Person\",\"@id\":\"https:\/\/www.bufetgambus.com\/#\/schema\/person\/cace25d8f22675c0115f46590b3fe563\",\"name\":\"Luzneyla\",\"image\":{\"@type\":\"ImageObject\",\"inLanguage\":\"es\",\"@id\":\"https:\/\/www.bufetgambus.com\/#\/schema\/person\/image\/\",\"url\":\"https:\/\/secure.gravatar.com\/avatar\/4869a69aa5a5f2f3d0250918aa4a98c8c9d75ca103c2546116ddfe0e8f789ef6?s=96&d=mm&r=g\",\"contentUrl\":\"https:\/\/secure.gravatar.com\/avatar\/4869a69aa5a5f2f3d0250918aa4a98c8c9d75ca103c2546116ddfe0e8f789ef6?s=96&d=mm&r=g\",\"caption\":\"Luzneyla\"}}]}<\/script>\n<!-- \/ Yoast SEO plugin. -->","yoast_head_json":{"title":"Medidas temporales de recualifiaci\u00f3n profesional | Bufet Gamb\u00fas","description":"Desempleados de larga duraci\u00f3n y de las medidas temporales de recualificaci\u00f3n profesional. Bufet Gamb\u00fas, su bufete de abogados en Barcelona.","robots":{"index":"index","follow":"follow","max-snippet":"max-snippet:-1","max-image-preview":"max-image-preview:large","max-video-preview":"max-video-preview:-1"},"canonical":"https:\/\/www.bufetgambus.com\/es\/desempleados-larga-duracion\/","og_locale":"es_ES","og_type":"article","og_title":"Medidas temporales de recualifiaci\u00f3n profesional | Bufet Gamb\u00fas","og_description":"Desempleados de larga duraci\u00f3n y de las medidas temporales de recualificaci\u00f3n profesional. Bufet Gamb\u00fas, su bufete de abogados en Barcelona.","og_url":"https:\/\/www.bufetgambus.com\/es\/desempleados-larga-duracion\/","og_site_name":"Bufet Gambus","article_published_time":"2014-01-15T11:47:48+00:00","article_modified_time":"2018-09-28T08:09:44+00:00","og_image":[{"width":693,"height":400,"url":"https:\/\/www.bufetgambus.com\/wp-content\/uploads\/2014\/01\/desempleados-de-larga-duracion-gambus.jpg","type":"image\/jpeg"}],"author":"Luzneyla","twitter_card":"summary_large_image","twitter_misc":{"Escrito por":"Luzneyla","Tiempo de lectura":"2 minutos"},"schema":{"@context":"https:\/\/schema.org","@graph":[{"@type":"Article","@id":"https:\/\/www.bufetgambus.com\/es\/desempleados-larga-duracion\/#article","isPartOf":{"@id":"https:\/\/www.bufetgambus.com\/es\/desempleados-larga-duracion\/"},"author":{"name":"Luzneyla","@id":"https:\/\/www.bufetgambus.com\/#\/schema\/person\/cace25d8f22675c0115f46590b3fe563"},"headline":"Desempleados de larga duraci\u00f3n","datePublished":"2014-01-15T11:47:48+00:00","dateModified":"2018-09-28T08:09:44+00:00","mainEntityOfPage":{"@id":"https:\/\/www.bufetgambus.com\/es\/desempleados-larga-duracion\/"},"wordCount":368,"commentCount":0,"publisher":{"@id":"https:\/\/www.bufetgambus.com\/#organization"},"articleSection":["Comercio Exterior"],"inLanguage":"es","potentialAction":[{"@type":"CommentAction","name":"Comment","target":["https:\/\/www.bufetgambus.com\/es\/desempleados-larga-duracion\/#respond"]}]},{"@type":"WebPage","@id":"https:\/\/www.bufetgambus.com\/es\/desempleados-larga-duracion\/","url":"https:\/\/www.bufetgambus.com\/es\/desempleados-larga-duracion\/","name":"Medidas temporales de recualifiaci\u00f3n profesional | Bufet Gamb\u00fas","isPartOf":{"@id":"https:\/\/www.bufetgambus.com\/#website"},"datePublished":"2014-01-15T11:47:48+00:00","dateModified":"2018-09-28T08:09:44+00:00","description":"Desempleados de larga duraci\u00f3n y de las medidas temporales de recualificaci\u00f3n profesional. Bufet Gamb\u00fas, su bufete de abogados en Barcelona.","breadcrumb":{"@id":"https:\/\/www.bufetgambus.com\/es\/desempleados-larga-duracion\/#breadcrumb"},"inLanguage":"es","potentialAction":[{"@type":"ReadAction","target":["https:\/\/www.bufetgambus.com\/es\/desempleados-larga-duracion\/"]}]},{"@type":"BreadcrumbList","@id":"https:\/\/www.bufetgambus.com\/es\/desempleados-larga-duracion\/#breadcrumb","itemListElement":[{"@type":"ListItem","position":1,"name":"Portada","item":"https:\/\/www.bufetgambus.com\/es\/"},{"@type":"ListItem","position":2,"name":"Desempleados de larga duraci\u00f3n"}]},{"@type":"WebSite","@id":"https:\/\/www.bufetgambus.com\/#website","url":"https:\/\/www.bufetgambus.com\/","name":"Bufet Gambus","description":"","publisher":{"@id":"https:\/\/www.bufetgambus.com\/#organization"},"potentialAction":[{"@type":"SearchAction","target":{"@type":"EntryPoint","urlTemplate":"https:\/\/www.bufetgambus.com\/?s={search_term_string}"},"query-input":"required name=search_term_string"}],"inLanguage":"es"},{"@type":"Organization","@id":"https:\/\/www.bufetgambus.com\/#organization","name":"Bufet Gamb\u00fas - Advocats i Economistes","url":"https:\/\/www.bufetgambus.com\/","logo":{"@type":"ImageObject","inLanguage":"es","@id":"https:\/\/www.bufetgambus.com\/#\/schema\/logo\/image\/","url":"https:\/\/www.bufetgambus.com\/wp-content\/uploads\/2018\/04\/Logo-bufet-gambus-renovado.png","contentUrl":"https:\/\/www.bufetgambus.com\/wp-content\/uploads\/2018\/04\/Logo-bufet-gambus-renovado.png","width":1200,"height":404,"caption":"Bufet Gamb\u00fas - Advocats i Economistes"},"image":{"@id":"https:\/\/www.bufetgambus.com\/#\/schema\/logo\/image\/"}},{"@type":"Person","@id":"https:\/\/www.bufetgambus.com\/#\/schema\/person\/cace25d8f22675c0115f46590b3fe563","name":"Luzneyla","image":{"@type":"ImageObject","inLanguage":"es","@id":"https:\/\/www.bufetgambus.com\/#\/schema\/person\/image\/","url":"https:\/\/secure.gravatar.com\/avatar\/4869a69aa5a5f2f3d0250918aa4a98c8c9d75ca103c2546116ddfe0e8f789ef6?s=96&d=mm&r=g","contentUrl":"https:\/\/secure.gravatar.com\/avatar\/4869a69aa5a5f2f3d0250918aa4a98c8c9d75ca103c2546116ddfe0e8f789ef6?s=96&d=mm&r=g","caption":"Luzneyla"}}]}},"_links":{"self":[{"href":"https:\/\/www.bufetgambus.com\/es\/wp-json\/wp\/v2\/posts\/463","targetHints":{"allow":["GET"]}}],"collection":[{"href":"https:\/\/www.bufetgambus.com\/es\/wp-json\/wp\/v2\/posts"}],"about":[{"href":"https:\/\/www.bufetgambus.com\/es\/wp-json\/wp\/v2\/types\/post"}],"author":[{"embeddable":true,"href":"https:\/\/www.bufetgambus.com\/es\/wp-json\/wp\/v2\/users\/5"}],"replies":[{"embeddable":true,"href":"https:\/\/www.bufetgambus.com\/es\/wp-json\/wp\/v2\/comments?post=463"}],"version-history":[{"count":6,"href":"https:\/\/www.bufetgambus.com\/es\/wp-json\/wp\/v2\/posts\/463\/revisions"}],"predecessor-version":[{"id":3330,"href":"https:\/\/www.bufetgambus.com\/es\/wp-json\/wp\/v2\/posts\/463\/revisions\/3330"}],"wp:featuredmedia":[{"embeddable":true,"href":"https:\/\/www.bufetgambus.com\/es\/wp-json\/wp\/v2\/media\/1620"}],"wp:attachment":[{"href":"https:\/\/www.bufetgambus.com\/es\/wp-json\/wp\/v2\/media?parent=463"}],"wp:term":[{"taxonomy":"category","embeddable":true,"href":"https:\/\/www.bufetgambus.com\/es\/wp-json\/wp\/v2\/categories?post=463"},{"taxonomy":"post_tag","embeddable":true,"href":"https:\/\/www.bufetgambus.com\/es\/wp-json\/wp\/v2\/tags?post=463"}],"curies":[{"name":"wp","href":"https:\/\/api.w.org\/{rel}","templated":true}]}}