{"id":3481,"date":"2019-02-14T12:55:38","date_gmt":"2019-02-14T11:55:38","guid":{"rendered":"http:\/\/www.bufetgambus.com\/es\/?p=3481"},"modified":"2019-06-26T11:00:11","modified_gmt":"2019-06-26T09:00:11","slug":"accidente-laboral-i","status":"publish","type":"post","link":"https:\/\/www.bufetgambus.com\/es\/accidente-laboral-i\/","title":{"rendered":"\u00bfQu\u00e9 es un accidente laboral? (Parte I)"},"content":{"rendered":"<p><a href=\"http:\/\/www.bufetgambus.com\/\">Bufet Gamb\u00fas<\/a>, su<strong> despacho<\/strong> <strong>de abogados<\/strong> de confianza, le trae hoy un breve art\u00edculo sobre los <strong>accidentes laborales<\/strong>. Tema de inter\u00e9s general que repercute en el d\u00eda a d\u00eda de las empresas que deben proteger la salud y la integridad f\u00edsica de sus trabajadores por mandato legal. Tanto empresarios como trabajadores deben tomar conciencia de su relevancia.<\/p>\n<p><!--more--><\/p>\n<p>Es\u00a0 muy com\u00fan o\u00edr hablar de <strong>accidente laboral,<\/strong> de toda la legislaci\u00f3n existente para evitarlos, de la responsabilidad de los empresarios en las actividades preventivas y de seguridad para los trabajadores, pero\u2026<\/p>\n<h2><strong>\u00bfSabemos realmente lo que es un accidente laboral? <\/strong><\/h2>\n<p>Seg\u00fan el art\u00edculo. 115 de la <strong>Ley General de la Seguridad Social,<\/strong> un accidente de trabajo es: toda lesi\u00f3n corporal que sufra un trabajador como consecuencia del trabajo que ejecute por cuenta ajena.<\/p>\n<p><strong>As\u00ed, son accidentes de trabajo:<\/strong><\/p>\n<ol>\n<li style=\"font-size: 15px;\">Los que sufra el trabajador al ir o al volver de su lugar de trabajo.<\/li>\n<li style=\"font-size: 15px;\">Los sucedidos con ocasi\u00f3n y como consecuencia del desempe\u00f1o de cargos electivos de car\u00e1cter sindical.<\/li>\n<li style=\"font-size: 15px;\">Los sucedidos al ir o al volver del lugar en el que se ejerciten las funciones propias de dichos cargos.<\/li>\n<li style=\"font-size: 15px;\">Los ocurridos como consecuencia de la realizaci\u00f3n de tareas que, aun siendo distintas de las de su categor\u00eda profesional ejecute el trabajador por orden del empresario, o espont\u00e1neamente por el inter\u00e9s del buen funcionamiento de la empresa.<\/li>\n<li style=\"font-size: 15px;\">Los ocurridos en actos de salvamento o actividades an\u00e1logas, cuando tengan que ver con el trabajo desempe\u00f1ado.<\/li>\n<li style=\"font-size: 15px;\">Las enfermedades que no est\u00e1n incluidas en el articulo 116 (definici\u00f3n de enfermedad profesional), que contraiga el trabajador al realizar su trabajo, deber\u00e1 probarse que la enfermedad se causa al ejecutar dicho actividad laboral.<\/li>\n<li style=\"font-size: 15px;\">Las enfermedades o defectos padecidos con anterioridad pero que se agudizan o agravan como consecuencia de la lesi\u00f3n constitutiva del accidente laboral.<\/li>\n<li style=\"font-size: 15px;\">Las consecuencias del accidente que resulten modificadas en su naturaleza, duraci\u00f3n, gravedad o terminaci\u00f3n, por enfermedades intercurrentes, que constituyan complicaciones derivadas del proceso patol\u00f3gico determinado por el accidente mismo o tengan su origen en afecciones adquiridas en el nuevo medio en que se haya situado el paciente para su curaci\u00f3n.<\/li>\n<\/ol>\n<p>Hasta aqu\u00ed llegamos con el art\u00edculo de hoy. Si quiere saber m\u00e1s, \u00a1estate atento a la pr\u00f3xima publicaci\u00f3n! Hablaremos sobre\u00a0los accidentes que no se considerar\u00edan <strong>accidentes de trabajo. <\/strong><\/p>\n<p>Si necesita asesoramiento, <a href=\"http:\/\/www.bufetgambus.com\/es\/contacto\/\">contacte<\/a> con nosotros. En\u00a0Bufet Gamb\u00fas, su\u00a0<strong>bufete de abogados\u00a0<\/strong>experto en<strong>\u00a0recursos humanos<\/strong>\u00a0en la ciudad de\u00a0<strong>Barcelona<\/strong>, le ofreceremos nuestros servicios y le proporcionaremos las mejores soluciones.<\/p>\n","protected":false},"excerpt":{"rendered":"<p>Bufet Gamb\u00fas, su despacho de abogados de confianza, le trae hoy un breve art\u00edculo sobre los accidentes laborales. Tema de inter\u00e9s general que repercute en el d\u00eda a d\u00eda de las empresas que deben proteger la salud y la integridad f\u00edsica de sus trabajadores por mandato legal. Tanto empresarios como trabajadores deben tomar conciencia de [&hellip;]<\/p>\n","protected":false},"author":5,"featured_media":3479,"comment_status":"open","ping_status":"open","sticky":false,"template":"","format":"standard","meta":{"footnotes":""},"categories":[36,1],"tags":[323,90,405,376,324],"class_list":["post-3481","post","type-post","status-publish","format-standard","has-post-thumbnail","hentry","category-derecho-laboral","category-sin-categoria","tag-abogados-es","tag-abogados-barcelona-es","tag-accidentes-de-trabajo-es","tag-accidentes-laborales-es","tag-despacho-de-abogados-en-barcelona-es"],"yoast_head":"<!-- This site is optimized with the Yoast SEO plugin v21.4 - https:\/\/yoast.com\/wordpress\/plugins\/seo\/ -->\n<title>Accidente laboral: \u00bfQu\u00e9 es realmente? Definiciones y caracter\u00edsticas<\/title>\n<meta name=\"description\" content=\"Bufet Gamb\u00fas, su bufete de abogados de confianza en Barcelona. \u00bfSabe qu\u00e9 es un accidente laboral? \u00a1Desc\u00fabralo en este art\u00edculo!\" \/>\n<meta name=\"robots\" content=\"index, follow, max-snippet:-1, max-image-preview:large, max-video-preview:-1\" \/>\n<link rel=\"canonical\" href=\"https:\/\/www.bufetgambus.com\/es\/accidente-laboral-i\/\" \/>\n<meta property=\"og:locale\" content=\"es_ES\" \/>\n<meta property=\"og:type\" content=\"article\" \/>\n<meta property=\"og:title\" content=\"Accidente laboral: \u00bfQu\u00e9 es realmente? Definiciones y caracter\u00edsticas\" \/>\n<meta property=\"og:description\" content=\"Bufet Gamb\u00fas, su bufete de abogados de confianza en Barcelona. \u00bfSabe qu\u00e9 es un accidente laboral? \u00a1Desc\u00fabralo en este art\u00edculo!\" \/>\n<meta property=\"og:url\" content=\"https:\/\/www.bufetgambus.com\/es\/accidente-laboral-i\/\" \/>\n<meta property=\"og:site_name\" content=\"Bufet Gambus\" \/>\n<meta property=\"article:published_time\" content=\"2019-02-14T11:55:38+00:00\" \/>\n<meta property=\"article:modified_time\" content=\"2019-06-26T09:00:11+00:00\" \/>\n<meta property=\"og:image\" content=\"https:\/\/www.bufetgambus.com\/wp-content\/uploads\/2019\/02\/Accidente-Laboral-I.jpg\" \/>\n\t<meta property=\"og:image:width\" content=\"917\" \/>\n\t<meta property=\"og:image:height\" content=\"743\" \/>\n\t<meta property=\"og:image:type\" content=\"image\/jpeg\" \/>\n<meta name=\"author\" content=\"Luzneyla\" \/>\n<meta name=\"twitter:card\" content=\"summary_large_image\" \/>\n<meta name=\"twitter:label1\" content=\"Escrito por\" \/>\n\t<meta name=\"twitter:data1\" content=\"Luzneyla\" \/>\n\t<meta name=\"twitter:label2\" content=\"Tiempo de lectura\" \/>\n\t<meta name=\"twitter:data2\" content=\"2 minutos\" \/>\n<script type=\"application\/ld+json\" class=\"yoast-schema-graph\">{\"@context\":\"https:\/\/schema.org\",\"@graph\":[{\"@type\":\"Article\",\"@id\":\"https:\/\/www.bufetgambus.com\/es\/accidente-laboral-i\/#article\",\"isPartOf\":{\"@id\":\"https:\/\/www.bufetgambus.com\/es\/accidente-laboral-i\/\"},\"author\":{\"name\":\"Luzneyla\",\"@id\":\"https:\/\/www.bufetgambus.com\/#\/schema\/person\/cace25d8f22675c0115f46590b3fe563\"},\"headline\":\"\u00bfQu\u00e9 es un accidente laboral? (Parte I)\",\"datePublished\":\"2019-02-14T11:55:38+00:00\",\"dateModified\":\"2019-06-26T09:00:11+00:00\",\"mainEntityOfPage\":{\"@id\":\"https:\/\/www.bufetgambus.com\/es\/accidente-laboral-i\/\"},\"wordCount\":445,\"commentCount\":0,\"publisher\":{\"@id\":\"https:\/\/www.bufetgambus.com\/#organization\"},\"keywords\":[\"Abogados\",\"Abogados Barcelona\",\"Accidentes de Trabajo\",\"Accidentes Laborales\",\"Despacho de abogados en Barcelona\"],\"articleSection\":[\"Derecho laboral\"],\"inLanguage\":\"es\",\"potentialAction\":[{\"@type\":\"CommentAction\",\"name\":\"Comment\",\"target\":[\"https:\/\/www.bufetgambus.com\/es\/accidente-laboral-i\/#respond\"]}]},{\"@type\":\"WebPage\",\"@id\":\"https:\/\/www.bufetgambus.com\/es\/accidente-laboral-i\/\",\"url\":\"https:\/\/www.bufetgambus.com\/es\/accidente-laboral-i\/\",\"name\":\"Accidente laboral: \u00bfQu\u00e9 es realmente? Definiciones y caracter\u00edsticas\",\"isPartOf\":{\"@id\":\"https:\/\/www.bufetgambus.com\/#website\"},\"datePublished\":\"2019-02-14T11:55:38+00:00\",\"dateModified\":\"2019-06-26T09:00:11+00:00\",\"description\":\"Bufet Gamb\u00fas, su bufete de abogados de confianza en Barcelona. \u00bfSabe qu\u00e9 es un accidente laboral? \u00a1Desc\u00fabralo en este art\u00edculo!\",\"breadcrumb\":{\"@id\":\"https:\/\/www.bufetgambus.com\/es\/accidente-laboral-i\/#breadcrumb\"},\"inLanguage\":\"es\",\"potentialAction\":[{\"@type\":\"ReadAction\",\"target\":[\"https:\/\/www.bufetgambus.com\/es\/accidente-laboral-i\/\"]}]},{\"@type\":\"BreadcrumbList\",\"@id\":\"https:\/\/www.bufetgambus.com\/es\/accidente-laboral-i\/#breadcrumb\",\"itemListElement\":[{\"@type\":\"ListItem\",\"position\":1,\"name\":\"Portada\",\"item\":\"https:\/\/www.bufetgambus.com\/es\/\"},{\"@type\":\"ListItem\",\"position\":2,\"name\":\"\u00bfQu\u00e9 es un accidente laboral? (Parte I)\"}]},{\"@type\":\"WebSite\",\"@id\":\"https:\/\/www.bufetgambus.com\/#website\",\"url\":\"https:\/\/www.bufetgambus.com\/\",\"name\":\"Bufet Gambus\",\"description\":\"\",\"publisher\":{\"@id\":\"https:\/\/www.bufetgambus.com\/#organization\"},\"potentialAction\":[{\"@type\":\"SearchAction\",\"target\":{\"@type\":\"EntryPoint\",\"urlTemplate\":\"https:\/\/www.bufetgambus.com\/?s={search_term_string}\"},\"query-input\":\"required name=search_term_string\"}],\"inLanguage\":\"es\"},{\"@type\":\"Organization\",\"@id\":\"https:\/\/www.bufetgambus.com\/#organization\",\"name\":\"Bufet Gamb\u00fas - Advocats i Economistes\",\"url\":\"https:\/\/www.bufetgambus.com\/\",\"logo\":{\"@type\":\"ImageObject\",\"inLanguage\":\"es\",\"@id\":\"https:\/\/www.bufetgambus.com\/#\/schema\/logo\/image\/\",\"url\":\"https:\/\/www.bufetgambus.com\/wp-content\/uploads\/2018\/04\/Logo-bufet-gambus-renovado.png\",\"contentUrl\":\"https:\/\/www.bufetgambus.com\/wp-content\/uploads\/2018\/04\/Logo-bufet-gambus-renovado.png\",\"width\":1200,\"height\":404,\"caption\":\"Bufet Gamb\u00fas - Advocats i Economistes\"},\"image\":{\"@id\":\"https:\/\/www.bufetgambus.com\/#\/schema\/logo\/image\/\"}},{\"@type\":\"Person\",\"@id\":\"https:\/\/www.bufetgambus.com\/#\/schema\/person\/cace25d8f22675c0115f46590b3fe563\",\"name\":\"Luzneyla\",\"image\":{\"@type\":\"ImageObject\",\"inLanguage\":\"es\",\"@id\":\"https:\/\/www.bufetgambus.com\/#\/schema\/person\/image\/\",\"url\":\"https:\/\/secure.gravatar.com\/avatar\/4869a69aa5a5f2f3d0250918aa4a98c8c9d75ca103c2546116ddfe0e8f789ef6?s=96&d=mm&r=g\",\"contentUrl\":\"https:\/\/secure.gravatar.com\/avatar\/4869a69aa5a5f2f3d0250918aa4a98c8c9d75ca103c2546116ddfe0e8f789ef6?s=96&d=mm&r=g\",\"caption\":\"Luzneyla\"}}]}<\/script>\n<!-- \/ Yoast SEO plugin. -->","yoast_head_json":{"title":"Accidente laboral: \u00bfQu\u00e9 es realmente? Definiciones y caracter\u00edsticas","description":"Bufet Gamb\u00fas, su bufete de abogados de confianza en Barcelona. \u00bfSabe qu\u00e9 es un accidente laboral? \u00a1Desc\u00fabralo en este art\u00edculo!","robots":{"index":"index","follow":"follow","max-snippet":"max-snippet:-1","max-image-preview":"max-image-preview:large","max-video-preview":"max-video-preview:-1"},"canonical":"https:\/\/www.bufetgambus.com\/es\/accidente-laboral-i\/","og_locale":"es_ES","og_type":"article","og_title":"Accidente laboral: \u00bfQu\u00e9 es realmente? Definiciones y caracter\u00edsticas","og_description":"Bufet Gamb\u00fas, su bufete de abogados de confianza en Barcelona. \u00bfSabe qu\u00e9 es un accidente laboral? \u00a1Desc\u00fabralo en este art\u00edculo!","og_url":"https:\/\/www.bufetgambus.com\/es\/accidente-laboral-i\/","og_site_name":"Bufet Gambus","article_published_time":"2019-02-14T11:55:38+00:00","article_modified_time":"2019-06-26T09:00:11+00:00","og_image":[{"width":917,"height":743,"url":"https:\/\/www.bufetgambus.com\/wp-content\/uploads\/2019\/02\/Accidente-Laboral-I.jpg","type":"image\/jpeg"}],"author":"Luzneyla","twitter_card":"summary_large_image","twitter_misc":{"Escrito por":"Luzneyla","Tiempo de lectura":"2 minutos"},"schema":{"@context":"https:\/\/schema.org","@graph":[{"@type":"Article","@id":"https:\/\/www.bufetgambus.com\/es\/accidente-laboral-i\/#article","isPartOf":{"@id":"https:\/\/www.bufetgambus.com\/es\/accidente-laboral-i\/"},"author":{"name":"Luzneyla","@id":"https:\/\/www.bufetgambus.com\/#\/schema\/person\/cace25d8f22675c0115f46590b3fe563"},"headline":"\u00bfQu\u00e9 es un accidente laboral? (Parte I)","datePublished":"2019-02-14T11:55:38+00:00","dateModified":"2019-06-26T09:00:11+00:00","mainEntityOfPage":{"@id":"https:\/\/www.bufetgambus.com\/es\/accidente-laboral-i\/"},"wordCount":445,"commentCount":0,"publisher":{"@id":"https:\/\/www.bufetgambus.com\/#organization"},"keywords":["Abogados","Abogados Barcelona","Accidentes de Trabajo","Accidentes Laborales","Despacho de abogados en Barcelona"],"articleSection":["Derecho laboral"],"inLanguage":"es","potentialAction":[{"@type":"CommentAction","name":"Comment","target":["https:\/\/www.bufetgambus.com\/es\/accidente-laboral-i\/#respond"]}]},{"@type":"WebPage","@id":"https:\/\/www.bufetgambus.com\/es\/accidente-laboral-i\/","url":"https:\/\/www.bufetgambus.com\/es\/accidente-laboral-i\/","name":"Accidente laboral: \u00bfQu\u00e9 es realmente? Definiciones y caracter\u00edsticas","isPartOf":{"@id":"https:\/\/www.bufetgambus.com\/#website"},"datePublished":"2019-02-14T11:55:38+00:00","dateModified":"2019-06-26T09:00:11+00:00","description":"Bufet Gamb\u00fas, su bufete de abogados de confianza en Barcelona. \u00bfSabe qu\u00e9 es un accidente laboral? \u00a1Desc\u00fabralo en este art\u00edculo!","breadcrumb":{"@id":"https:\/\/www.bufetgambus.com\/es\/accidente-laboral-i\/#breadcrumb"},"inLanguage":"es","potentialAction":[{"@type":"ReadAction","target":["https:\/\/www.bufetgambus.com\/es\/accidente-laboral-i\/"]}]},{"@type":"BreadcrumbList","@id":"https:\/\/www.bufetgambus.com\/es\/accidente-laboral-i\/#breadcrumb","itemListElement":[{"@type":"ListItem","position":1,"name":"Portada","item":"https:\/\/www.bufetgambus.com\/es\/"},{"@type":"ListItem","position":2,"name":"\u00bfQu\u00e9 es un accidente laboral? (Parte I)"}]},{"@type":"WebSite","@id":"https:\/\/www.bufetgambus.com\/#website","url":"https:\/\/www.bufetgambus.com\/","name":"Bufet Gambus","description":"","publisher":{"@id":"https:\/\/www.bufetgambus.com\/#organization"},"potentialAction":[{"@type":"SearchAction","target":{"@type":"EntryPoint","urlTemplate":"https:\/\/www.bufetgambus.com\/?s={search_term_string}"},"query-input":"required name=search_term_string"}],"inLanguage":"es"},{"@type":"Organization","@id":"https:\/\/www.bufetgambus.com\/#organization","name":"Bufet Gamb\u00fas - Advocats i Economistes","url":"https:\/\/www.bufetgambus.com\/","logo":{"@type":"ImageObject","inLanguage":"es","@id":"https:\/\/www.bufetgambus.com\/#\/schema\/logo\/image\/","url":"https:\/\/www.bufetgambus.com\/wp-content\/uploads\/2018\/04\/Logo-bufet-gambus-renovado.png","contentUrl":"https:\/\/www.bufetgambus.com\/wp-content\/uploads\/2018\/04\/Logo-bufet-gambus-renovado.png","width":1200,"height":404,"caption":"Bufet Gamb\u00fas - Advocats i Economistes"},"image":{"@id":"https:\/\/www.bufetgambus.com\/#\/schema\/logo\/image\/"}},{"@type":"Person","@id":"https:\/\/www.bufetgambus.com\/#\/schema\/person\/cace25d8f22675c0115f46590b3fe563","name":"Luzneyla","image":{"@type":"ImageObject","inLanguage":"es","@id":"https:\/\/www.bufetgambus.com\/#\/schema\/person\/image\/","url":"https:\/\/secure.gravatar.com\/avatar\/4869a69aa5a5f2f3d0250918aa4a98c8c9d75ca103c2546116ddfe0e8f789ef6?s=96&d=mm&r=g","contentUrl":"https:\/\/secure.gravatar.com\/avatar\/4869a69aa5a5f2f3d0250918aa4a98c8c9d75ca103c2546116ddfe0e8f789ef6?s=96&d=mm&r=g","caption":"Luzneyla"}}]}},"_links":{"self":[{"href":"https:\/\/www.bufetgambus.com\/es\/wp-json\/wp\/v2\/posts\/3481","targetHints":{"allow":["GET"]}}],"collection":[{"href":"https:\/\/www.bufetgambus.com\/es\/wp-json\/wp\/v2\/posts"}],"about":[{"href":"https:\/\/www.bufetgambus.com\/es\/wp-json\/wp\/v2\/types\/post"}],"author":[{"embeddable":true,"href":"https:\/\/www.bufetgambus.com\/es\/wp-json\/wp\/v2\/users\/5"}],"replies":[{"embeddable":true,"href":"https:\/\/www.bufetgambus.com\/es\/wp-json\/wp\/v2\/comments?post=3481"}],"version-history":[{"count":4,"href":"https:\/\/www.bufetgambus.com\/es\/wp-json\/wp\/v2\/posts\/3481\/revisions"}],"predecessor-version":[{"id":3494,"href":"https:\/\/www.bufetgambus.com\/es\/wp-json\/wp\/v2\/posts\/3481\/revisions\/3494"}],"wp:featuredmedia":[{"embeddable":true,"href":"https:\/\/www.bufetgambus.com\/es\/wp-json\/wp\/v2\/media\/3479"}],"wp:attachment":[{"href":"https:\/\/www.bufetgambus.com\/es\/wp-json\/wp\/v2\/media?parent=3481"}],"wp:term":[{"taxonomy":"category","embeddable":true,"href":"https:\/\/www.bufetgambus.com\/es\/wp-json\/wp\/v2\/categories?post=3481"},{"taxonomy":"post_tag","embeddable":true,"href":"https:\/\/www.bufetgambus.com\/es\/wp-json\/wp\/v2\/tags?post=3481"}],"curies":[{"name":"wp","href":"https:\/\/api.w.org\/{rel}","templated":true}]}}