{"id":3446,"date":"2018-12-12T14:00:18","date_gmt":"2018-12-12T13:00:18","guid":{"rendered":"http:\/\/www.bufetgambus.com\/es\/?p=3446"},"modified":"2019-01-16T13:17:45","modified_gmt":"2019-01-16T12:17:45","slug":"etiquetado-nutricional-en-colores-i","status":"publish","type":"post","link":"https:\/\/www.bufetgambus.com\/es\/etiquetado-nutricional-en-colores-i\/","title":{"rendered":"\u00bfQu\u00e9 ganas con el etiquetado nutricional en colores? (Parte I)"},"content":{"rendered":"<p><a href=\"http:\/\/www.bufetgambus.com\/\">Bufet Gamb\u00fas<\/a>, su <strong>bufete de abogados <\/strong>de confianza en <strong>Barcelona,<\/strong>\u00a0le trae un art\u00edculo acorde con la <strong>actualidad legislativa<\/strong> de nuestro pa\u00eds. Con el prop\u00f3sito que tanto nuestros lectores como nuestros clientes se mantengan informados sobre las \u00faltimas medidas en materia de alimentos, concretamente sobre el <strong>etiquetado nutricional.<\/strong><\/p>\n<p><!--more--><\/p>\n<p>La alimentaci\u00f3n es fundamental para todos. En el mercado existen miles de soluciones alimenticias. Es necesario valorarlas y contar con la mayor informaci\u00f3n.<\/p>\n<p>En esta primera entrega del art\u00edculo le contamos c\u00f3mo <strong>elegir mejor<\/strong> <strong>los alimentos<\/strong> que consume cada d\u00eda.<\/p>\n<p>Es fundamental que como consumidores contemos con la mayor informaci\u00f3n previa al proceso de compra.<\/p>\n<h2>\u00bfQu\u00e9 es importante saber sobre los productos?<\/h2>\n<p>Sobre el producto, siempre es importante saber: en qu\u00e9 lugar se ha fabricado, las materias primas que se han de utilizar en la fabricaci\u00f3n o producci\u00f3n, caracter\u00edsticas ecol\u00f3gicas y muchos detalles m\u00e1s que debemos\u00a0 analizar. No es cuesti\u00f3n de realizar un profundo estudio, pero si es importante obtener informaci\u00f3n. De esta manera, nuestra compra ser\u00e1 cada vez m\u00e1s eficiente.<\/p>\n<p>No se trata de comprar siempre lo m\u00e1s barato, porque tambi\u00e9n es importante la calidad y cuando se trata de alimentos implicamos a nuestra salud y la de nuestros seres queridos.<\/p>\n<p>Si queremos comer sano y equilibrado debemos tener toda la informaci\u00f3n sobre lo que compramos.<\/p>\n<h2>\u00bfEn qu\u00e9 consiste el nuevo sistema de etiquetado nutricional?<\/h2>\n<p>En la actualidad el <strong>Ministerio de Sanidad, <\/strong>con el objetivo de facilitar a los consumidores m\u00e1s informaci\u00f3n sobre los alimentos y bebidas, impulsa un nuevo <strong>sistema de etiquetado nutricional frontal. <\/strong>En <strong>colores. <\/strong><\/p>\n<p>Aunque el sistema terminara de perfeccionarse hasta el pr\u00f3ximo a\u00f1o. Algunas tiendas ya lo est\u00e1n poniendo en marcha.<\/p>\n<p>Concretamente de cada 100 gramos del alimento, se nos facilita la informaci\u00f3n nutricional\u00a0 por colores. Estos colores son el resultado de un an\u00e1lisis nutricional, con\u00a0 lo cual algunos nutrientes <strong>aportan<\/strong> y otros <strong>penalizan<\/strong>. Mediante una operaci\u00f3n matem\u00e1tica se realiza una proporci\u00f3n de cada ingrediente.<\/p>\n<p>Las <strong>calor\u00edas,<\/strong> las <strong>grasas saturadas, <\/strong>la<strong> sal <\/strong>y el<strong> az\u00facar<\/strong> quitan puntuaci\u00f3n y, por el contrario, suman puntos aquellos alimentos que contengan <strong>fibra <\/strong>y mucha <strong>prote\u00edna.<\/strong><\/p>\n<h2><strong>\u00bfCu\u00e1l es el rango de este etiquetado en colores?<\/strong><\/h2>\n<p>El rango oscila entre <strong>5 colores<\/strong> diferentes: verde, verde claro, amarillo, naranja y rojo. Con letras equivalentes al lado de cada color, as\u00ed:<\/p>\n<p>La letra <strong>A<\/strong> acompa\u00f1a al color <strong>verde.<\/strong><\/p>\n<p>La letra<strong>, B<\/strong> para el <strong>verde claro<\/strong>.<\/p>\n<p>La letra <strong>C<\/strong> para el <strong>amarillo<\/strong>.<\/p>\n<p>La letra <strong>D<\/strong> para <strong>naranja.<\/strong><\/p>\n<p>Y la letra \u00a0<strong>E<\/strong> para el <strong>rojo.<\/strong><\/p>\n<p>Hasta aqu\u00ed llegamos con la primera parte del art\u00edculo sobre el nuevo <strong>sistema de etiquetado nutricional frontal.<\/strong> \u00a1Estate atento a las pr\u00f3ximas publicaciones! En la segunda entrega hablamos sobre las <a href=\"http:\/\/www.bufetgambus.com\/es\/que-ganas-con-etiquetado-nutricional-en-colores-ii\/\"><strong>ventajas<\/strong> y<strong> desventajas<\/strong> de este sistema por colores<\/a>, y os traeremos algunos <strong>consejos<\/strong> para conseguir una <strong>dieta saludable<\/strong> y <strong>recomendaciones<\/strong> a tener en cuenta al <strong>realizar la compra.<\/strong><\/p>\n<p>En Bufet Gamb\u00fas somos su soluci\u00f3n para <strong>problemas <\/strong>o <strong>consultas jur\u00eddicas.<\/strong> Nuestro <strong>despacho de abogados de Barcelona<\/strong> cuenta con experiencia en los <strong>campos civil, mercantil, laboral<\/strong> y <strong>fiscal.<\/strong> Si necesita <strong>asesor\u00eda jur\u00eddica,<\/strong> no dude en <a href=\"http:\/\/www.bufetgambus.com\/es\/contacto\/\">contactar<\/a> con nuestro <strong>equipo de abogados. <\/strong><\/p>\n","protected":false},"excerpt":{"rendered":"<p>Bufet Gamb\u00fas, su bufete de abogados de confianza en Barcelona,\u00a0le trae un art\u00edculo acorde con la actualidad legislativa de nuestro pa\u00eds. Con el prop\u00f3sito que tanto nuestros lectores como nuestros clientes se mantengan informados sobre las \u00faltimas medidas en materia de alimentos, concretamente sobre el etiquetado nutricional.<\/p>\n","protected":false},"author":5,"featured_media":3443,"comment_status":"open","ping_status":"open","sticky":false,"template":"","format":"standard","meta":{"footnotes":""},"categories":[61,1],"tags":[323,90,400,324,401,402],"class_list":["post-3446","post","type-post","status-publish","format-standard","has-post-thumbnail","hentry","category-actualidad","category-sin-categoria","tag-abogados-es","tag-abogados-barcelona-es","tag-alimentacion-es","tag-despacho-de-abogados-en-barcelona-es","tag-etiquetado-nutricional-es","tag-ministerio-de-sanidad-es"],"yoast_head":"<!-- This site is optimized with the Yoast SEO plugin v21.4 - https:\/\/yoast.com\/wordpress\/plugins\/seo\/ -->\n<title>\u00bfQu\u00e9 ganas con el etiquetado nutricional en colores? (Parte I) | Bufet Gambus - Advocats i Economistes<\/title>\n<meta name=\"description\" content=\"Bufet Gamb\u00fas, su bufete de abogados de Barcelona. \u00bfSabe en qu\u00e9 consiste el nuevo sistema de etiquetado nutricional frontal? \u00a1Desc\u00fabralo en este art\u00edculo!\" \/>\n<meta name=\"robots\" content=\"index, follow, max-snippet:-1, max-image-preview:large, max-video-preview:-1\" \/>\n<link rel=\"canonical\" href=\"https:\/\/www.bufetgambus.com\/es\/etiquetado-nutricional-en-colores-i\/\" \/>\n<meta property=\"og:locale\" content=\"es_ES\" \/>\n<meta property=\"og:type\" content=\"article\" \/>\n<meta property=\"og:title\" content=\"\u00bfQu\u00e9 ganas con el etiquetado nutricional en colores? (Parte I) | Bufet Gambus - Advocats i Economistes\" \/>\n<meta property=\"og:description\" content=\"Bufet Gamb\u00fas, su bufete de abogados de Barcelona. \u00bfSabe en qu\u00e9 consiste el nuevo sistema de etiquetado nutricional frontal? \u00a1Desc\u00fabralo en este art\u00edculo!\" \/>\n<meta property=\"og:url\" content=\"https:\/\/www.bufetgambus.com\/es\/etiquetado-nutricional-en-colores-i\/\" \/>\n<meta property=\"og:site_name\" content=\"Bufet Gambus\" \/>\n<meta property=\"article:published_time\" content=\"2018-12-12T13:00:18+00:00\" \/>\n<meta property=\"article:modified_time\" content=\"2019-01-16T12:17:45+00:00\" \/>\n<meta property=\"og:image\" content=\"https:\/\/www.bufetgambus.com\/wp-content\/uploads\/2018\/12\/Etiquetado-Nutricional-I.jpg\" \/>\n\t<meta property=\"og:image:width\" content=\"960\" \/>\n\t<meta property=\"og:image:height\" content=\"640\" \/>\n\t<meta property=\"og:image:type\" content=\"image\/jpeg\" \/>\n<meta name=\"author\" content=\"Luzneyla\" \/>\n<meta name=\"twitter:card\" content=\"summary_large_image\" \/>\n<meta name=\"twitter:label1\" content=\"Escrito por\" \/>\n\t<meta name=\"twitter:data1\" content=\"Luzneyla\" \/>\n\t<meta name=\"twitter:label2\" content=\"Tiempo de lectura\" \/>\n\t<meta name=\"twitter:data2\" content=\"3 minutos\" \/>\n<script type=\"application\/ld+json\" class=\"yoast-schema-graph\">{\"@context\":\"https:\/\/schema.org\",\"@graph\":[{\"@type\":\"Article\",\"@id\":\"https:\/\/www.bufetgambus.com\/es\/etiquetado-nutricional-en-colores-i\/#article\",\"isPartOf\":{\"@id\":\"https:\/\/www.bufetgambus.com\/es\/etiquetado-nutricional-en-colores-i\/\"},\"author\":{\"name\":\"Luzneyla\",\"@id\":\"https:\/\/www.bufetgambus.com\/#\/schema\/person\/cace25d8f22675c0115f46590b3fe563\"},\"headline\":\"\u00bfQu\u00e9 ganas con el etiquetado nutricional en colores? (Parte I)\",\"datePublished\":\"2018-12-12T13:00:18+00:00\",\"dateModified\":\"2019-01-16T12:17:45+00:00\",\"mainEntityOfPage\":{\"@id\":\"https:\/\/www.bufetgambus.com\/es\/etiquetado-nutricional-en-colores-i\/\"},\"wordCount\":559,\"commentCount\":0,\"publisher\":{\"@id\":\"https:\/\/www.bufetgambus.com\/#organization\"},\"keywords\":[\"Abogados\",\"Abogados Barcelona\",\"Alimentaci\u00f3n\",\"Despacho de abogados en Barcelona\",\"Etiquetado Nutricional\",\"Ministerio de Sanidad\"],\"articleSection\":[\"Actualidad\"],\"inLanguage\":\"es\",\"potentialAction\":[{\"@type\":\"CommentAction\",\"name\":\"Comment\",\"target\":[\"https:\/\/www.bufetgambus.com\/es\/etiquetado-nutricional-en-colores-i\/#respond\"]}]},{\"@type\":\"WebPage\",\"@id\":\"https:\/\/www.bufetgambus.com\/es\/etiquetado-nutricional-en-colores-i\/\",\"url\":\"https:\/\/www.bufetgambus.com\/es\/etiquetado-nutricional-en-colores-i\/\",\"name\":\"\u00bfQu\u00e9 ganas con el etiquetado nutricional en colores? (Parte I) | Bufet Gambus - Advocats i Economistes\",\"isPartOf\":{\"@id\":\"https:\/\/www.bufetgambus.com\/#website\"},\"datePublished\":\"2018-12-12T13:00:18+00:00\",\"dateModified\":\"2019-01-16T12:17:45+00:00\",\"description\":\"Bufet Gamb\u00fas, su bufete de abogados de Barcelona. \u00bfSabe en qu\u00e9 consiste el nuevo sistema de etiquetado nutricional frontal? \u00a1Desc\u00fabralo en este art\u00edculo!\",\"breadcrumb\":{\"@id\":\"https:\/\/www.bufetgambus.com\/es\/etiquetado-nutricional-en-colores-i\/#breadcrumb\"},\"inLanguage\":\"es\",\"potentialAction\":[{\"@type\":\"ReadAction\",\"target\":[\"https:\/\/www.bufetgambus.com\/es\/etiquetado-nutricional-en-colores-i\/\"]}]},{\"@type\":\"BreadcrumbList\",\"@id\":\"https:\/\/www.bufetgambus.com\/es\/etiquetado-nutricional-en-colores-i\/#breadcrumb\",\"itemListElement\":[{\"@type\":\"ListItem\",\"position\":1,\"name\":\"Portada\",\"item\":\"https:\/\/www.bufetgambus.com\/es\/\"},{\"@type\":\"ListItem\",\"position\":2,\"name\":\"\u00bfQu\u00e9 ganas con el etiquetado nutricional en colores? (Parte I)\"}]},{\"@type\":\"WebSite\",\"@id\":\"https:\/\/www.bufetgambus.com\/#website\",\"url\":\"https:\/\/www.bufetgambus.com\/\",\"name\":\"Bufet Gambus\",\"description\":\"\",\"publisher\":{\"@id\":\"https:\/\/www.bufetgambus.com\/#organization\"},\"potentialAction\":[{\"@type\":\"SearchAction\",\"target\":{\"@type\":\"EntryPoint\",\"urlTemplate\":\"https:\/\/www.bufetgambus.com\/?s={search_term_string}\"},\"query-input\":\"required name=search_term_string\"}],\"inLanguage\":\"es\"},{\"@type\":\"Organization\",\"@id\":\"https:\/\/www.bufetgambus.com\/#organization\",\"name\":\"Bufet Gamb\u00fas - Advocats i Economistes\",\"url\":\"https:\/\/www.bufetgambus.com\/\",\"logo\":{\"@type\":\"ImageObject\",\"inLanguage\":\"es\",\"@id\":\"https:\/\/www.bufetgambus.com\/#\/schema\/logo\/image\/\",\"url\":\"https:\/\/www.bufetgambus.com\/wp-content\/uploads\/2018\/04\/Logo-bufet-gambus-renovado.png\",\"contentUrl\":\"https:\/\/www.bufetgambus.com\/wp-content\/uploads\/2018\/04\/Logo-bufet-gambus-renovado.png\",\"width\":1200,\"height\":404,\"caption\":\"Bufet Gamb\u00fas - Advocats i Economistes\"},\"image\":{\"@id\":\"https:\/\/www.bufetgambus.com\/#\/schema\/logo\/image\/\"}},{\"@type\":\"Person\",\"@id\":\"https:\/\/www.bufetgambus.com\/#\/schema\/person\/cace25d8f22675c0115f46590b3fe563\",\"name\":\"Luzneyla\",\"image\":{\"@type\":\"ImageObject\",\"inLanguage\":\"es\",\"@id\":\"https:\/\/www.bufetgambus.com\/#\/schema\/person\/image\/\",\"url\":\"https:\/\/secure.gravatar.com\/avatar\/4869a69aa5a5f2f3d0250918aa4a98c8c9d75ca103c2546116ddfe0e8f789ef6?s=96&d=mm&r=g\",\"contentUrl\":\"https:\/\/secure.gravatar.com\/avatar\/4869a69aa5a5f2f3d0250918aa4a98c8c9d75ca103c2546116ddfe0e8f789ef6?s=96&d=mm&r=g\",\"caption\":\"Luzneyla\"}}]}<\/script>\n<!-- \/ Yoast SEO plugin. -->","yoast_head_json":{"title":"\u00bfQu\u00e9 ganas con el etiquetado nutricional en colores? (Parte I) | Bufet Gambus - Advocats i Economistes","description":"Bufet Gamb\u00fas, su bufete de abogados de Barcelona. \u00bfSabe en qu\u00e9 consiste el nuevo sistema de etiquetado nutricional frontal? \u00a1Desc\u00fabralo en este art\u00edculo!","robots":{"index":"index","follow":"follow","max-snippet":"max-snippet:-1","max-image-preview":"max-image-preview:large","max-video-preview":"max-video-preview:-1"},"canonical":"https:\/\/www.bufetgambus.com\/es\/etiquetado-nutricional-en-colores-i\/","og_locale":"es_ES","og_type":"article","og_title":"\u00bfQu\u00e9 ganas con el etiquetado nutricional en colores? (Parte I) | Bufet Gambus - Advocats i Economistes","og_description":"Bufet Gamb\u00fas, su bufete de abogados de Barcelona. \u00bfSabe en qu\u00e9 consiste el nuevo sistema de etiquetado nutricional frontal? \u00a1Desc\u00fabralo en este art\u00edculo!","og_url":"https:\/\/www.bufetgambus.com\/es\/etiquetado-nutricional-en-colores-i\/","og_site_name":"Bufet Gambus","article_published_time":"2018-12-12T13:00:18+00:00","article_modified_time":"2019-01-16T12:17:45+00:00","og_image":[{"width":960,"height":640,"url":"https:\/\/www.bufetgambus.com\/wp-content\/uploads\/2018\/12\/Etiquetado-Nutricional-I.jpg","type":"image\/jpeg"}],"author":"Luzneyla","twitter_card":"summary_large_image","twitter_misc":{"Escrito por":"Luzneyla","Tiempo de lectura":"3 minutos"},"schema":{"@context":"https:\/\/schema.org","@graph":[{"@type":"Article","@id":"https:\/\/www.bufetgambus.com\/es\/etiquetado-nutricional-en-colores-i\/#article","isPartOf":{"@id":"https:\/\/www.bufetgambus.com\/es\/etiquetado-nutricional-en-colores-i\/"},"author":{"name":"Luzneyla","@id":"https:\/\/www.bufetgambus.com\/#\/schema\/person\/cace25d8f22675c0115f46590b3fe563"},"headline":"\u00bfQu\u00e9 ganas con el etiquetado nutricional en colores? (Parte I)","datePublished":"2018-12-12T13:00:18+00:00","dateModified":"2019-01-16T12:17:45+00:00","mainEntityOfPage":{"@id":"https:\/\/www.bufetgambus.com\/es\/etiquetado-nutricional-en-colores-i\/"},"wordCount":559,"commentCount":0,"publisher":{"@id":"https:\/\/www.bufetgambus.com\/#organization"},"keywords":["Abogados","Abogados Barcelona","Alimentaci\u00f3n","Despacho de abogados en Barcelona","Etiquetado Nutricional","Ministerio de Sanidad"],"articleSection":["Actualidad"],"inLanguage":"es","potentialAction":[{"@type":"CommentAction","name":"Comment","target":["https:\/\/www.bufetgambus.com\/es\/etiquetado-nutricional-en-colores-i\/#respond"]}]},{"@type":"WebPage","@id":"https:\/\/www.bufetgambus.com\/es\/etiquetado-nutricional-en-colores-i\/","url":"https:\/\/www.bufetgambus.com\/es\/etiquetado-nutricional-en-colores-i\/","name":"\u00bfQu\u00e9 ganas con el etiquetado nutricional en colores? (Parte I) | Bufet Gambus - Advocats i Economistes","isPartOf":{"@id":"https:\/\/www.bufetgambus.com\/#website"},"datePublished":"2018-12-12T13:00:18+00:00","dateModified":"2019-01-16T12:17:45+00:00","description":"Bufet Gamb\u00fas, su bufete de abogados de Barcelona. \u00bfSabe en qu\u00e9 consiste el nuevo sistema de etiquetado nutricional frontal? \u00a1Desc\u00fabralo en este art\u00edculo!","breadcrumb":{"@id":"https:\/\/www.bufetgambus.com\/es\/etiquetado-nutricional-en-colores-i\/#breadcrumb"},"inLanguage":"es","potentialAction":[{"@type":"ReadAction","target":["https:\/\/www.bufetgambus.com\/es\/etiquetado-nutricional-en-colores-i\/"]}]},{"@type":"BreadcrumbList","@id":"https:\/\/www.bufetgambus.com\/es\/etiquetado-nutricional-en-colores-i\/#breadcrumb","itemListElement":[{"@type":"ListItem","position":1,"name":"Portada","item":"https:\/\/www.bufetgambus.com\/es\/"},{"@type":"ListItem","position":2,"name":"\u00bfQu\u00e9 ganas con el etiquetado nutricional en colores? (Parte I)"}]},{"@type":"WebSite","@id":"https:\/\/www.bufetgambus.com\/#website","url":"https:\/\/www.bufetgambus.com\/","name":"Bufet Gambus","description":"","publisher":{"@id":"https:\/\/www.bufetgambus.com\/#organization"},"potentialAction":[{"@type":"SearchAction","target":{"@type":"EntryPoint","urlTemplate":"https:\/\/www.bufetgambus.com\/?s={search_term_string}"},"query-input":"required name=search_term_string"}],"inLanguage":"es"},{"@type":"Organization","@id":"https:\/\/www.bufetgambus.com\/#organization","name":"Bufet Gamb\u00fas - Advocats i Economistes","url":"https:\/\/www.bufetgambus.com\/","logo":{"@type":"ImageObject","inLanguage":"es","@id":"https:\/\/www.bufetgambus.com\/#\/schema\/logo\/image\/","url":"https:\/\/www.bufetgambus.com\/wp-content\/uploads\/2018\/04\/Logo-bufet-gambus-renovado.png","contentUrl":"https:\/\/www.bufetgambus.com\/wp-content\/uploads\/2018\/04\/Logo-bufet-gambus-renovado.png","width":1200,"height":404,"caption":"Bufet Gamb\u00fas - Advocats i Economistes"},"image":{"@id":"https:\/\/www.bufetgambus.com\/#\/schema\/logo\/image\/"}},{"@type":"Person","@id":"https:\/\/www.bufetgambus.com\/#\/schema\/person\/cace25d8f22675c0115f46590b3fe563","name":"Luzneyla","image":{"@type":"ImageObject","inLanguage":"es","@id":"https:\/\/www.bufetgambus.com\/#\/schema\/person\/image\/","url":"https:\/\/secure.gravatar.com\/avatar\/4869a69aa5a5f2f3d0250918aa4a98c8c9d75ca103c2546116ddfe0e8f789ef6?s=96&d=mm&r=g","contentUrl":"https:\/\/secure.gravatar.com\/avatar\/4869a69aa5a5f2f3d0250918aa4a98c8c9d75ca103c2546116ddfe0e8f789ef6?s=96&d=mm&r=g","caption":"Luzneyla"}}]}},"_links":{"self":[{"href":"https:\/\/www.bufetgambus.com\/es\/wp-json\/wp\/v2\/posts\/3446","targetHints":{"allow":["GET"]}}],"collection":[{"href":"https:\/\/www.bufetgambus.com\/es\/wp-json\/wp\/v2\/posts"}],"about":[{"href":"https:\/\/www.bufetgambus.com\/es\/wp-json\/wp\/v2\/types\/post"}],"author":[{"embeddable":true,"href":"https:\/\/www.bufetgambus.com\/es\/wp-json\/wp\/v2\/users\/5"}],"replies":[{"embeddable":true,"href":"https:\/\/www.bufetgambus.com\/es\/wp-json\/wp\/v2\/comments?post=3446"}],"version-history":[{"count":2,"href":"https:\/\/www.bufetgambus.com\/es\/wp-json\/wp\/v2\/posts\/3446\/revisions"}],"predecessor-version":[{"id":3473,"href":"https:\/\/www.bufetgambus.com\/es\/wp-json\/wp\/v2\/posts\/3446\/revisions\/3473"}],"wp:featuredmedia":[{"embeddable":true,"href":"https:\/\/www.bufetgambus.com\/es\/wp-json\/wp\/v2\/media\/3443"}],"wp:attachment":[{"href":"https:\/\/www.bufetgambus.com\/es\/wp-json\/wp\/v2\/media?parent=3446"}],"wp:term":[{"taxonomy":"category","embeddable":true,"href":"https:\/\/www.bufetgambus.com\/es\/wp-json\/wp\/v2\/categories?post=3446"},{"taxonomy":"post_tag","embeddable":true,"href":"https:\/\/www.bufetgambus.com\/es\/wp-json\/wp\/v2\/tags?post=3446"}],"curies":[{"name":"wp","href":"https:\/\/api.w.org\/{rel}","templated":true}]}}