{"id":3389,"date":"2018-10-31T15:52:29","date_gmt":"2018-10-31T14:52:29","guid":{"rendered":"http:\/\/www.bufetgambus.com\/es\/como-reclamar-irpf-baja-por-maternidad\/"},"modified":"2019-06-26T11:38:13","modified_gmt":"2019-06-26T09:38:13","slug":"como-reclamar-irpf-baja-por-maternidad","status":"publish","type":"post","link":"https:\/\/www.bufetgambus.com\/es\/como-reclamar-irpf-baja-por-maternidad\/","title":{"rendered":"\u00bfC\u00f3mo reclamar el IRPF de la baja por maternidad?"},"content":{"rendered":"<p>Esta semana en Bufet Gamb\u00fas, tu despacho de abogados en Barcelona, respondemos a la pregunta \u00bfC\u00f3mo reclamar el IRPF de la baja por maternidad?<\/p>\n<p>Como las ayudas por parte del estado a las familias son cada vez m\u00e1s escasas, noticias como est\u00e1 siempre constituyen una alegr\u00eda: El tribunal Supremo ha establecido que las <strong>prestaciones por maternidad<\/strong> de la seguridad social est\u00e1n exentas del impuesto sobre la declaraci\u00f3n de la renta IRPF.<\/p>\n<p><!--more-->De esta manera se pone fin a a\u00f1os de conflictos con la declaraci\u00f3n de la renta en bajas por maternidad: Desestimando el recurso de la abogac\u00eda del estado y concluyendo que el sueldo que perciben los padres o las madres durante el periodo de baja (16 semanas) no debe pagar dicho impuesto. Anteriormente la agencia tributaria siempre sostuvo que esta ayuda deb\u00eda tributar en el impuesto de las rentas de las personas f\u00edsicas IRPF, como un rendimiento de trabajo. Esto justamente es lo que desdice el alto tribunal, en su sentencia.<\/p>\n<h2>\u00bfQui\u00e9nes tienen derecho a realizar la reclamaci\u00f3n de baja por maternidad?<\/h2>\n<p>Tienen derecho a realizar la <strong>reclamaci\u00f3n del IRPF por maternidad<\/strong> y solicitar su rectificaci\u00f3n, todas aquellas familias que hayan pagado el impuesto correspondiente a los ejercicios: 2014,2015, 2016, y 2017. Los anteriores ejercicios han prescrito en el sentido de realizar cualquier reclamaci\u00f3n.<\/p>\n<h2>Qu\u00e9 documentos se deben aportar para reclamar a la Agencia Tributaria?<\/h2>\n<p>Es opcional anexar una copia del certificado recibido por parte de la Seguridad Social en el momento en que se entreg\u00f3 la declaraci\u00f3n, o una copia de los datos fiscales del ejercicio en cuesti\u00f3n, aunque la Agencia Tributaria ya cuenta con estos datos. Ambos documentos son necesarios si se alega que los datos de aquella fecha fueron err\u00f3neos.<\/p>\n<h2>\u00bfComo calcular la cantidad a reclamar a la Agencia Tributaria por la baja de maternidad?<\/h2>\n<p>El c\u00e1lculo del dinero que la Agencia Tributaria debe devolver, en cada caso resulta diferente, porque cada contribuyente presenta unas circunstancias \u00fanicas. Se calcula que la devoluci\u00f3n media por reclamaciones al IRPF por bajas de maternidad es de alrededor de 1.000 euros por contribuyente.<\/p>\n<h2>Pero, \u00bfC\u00f3mo reclamar la baja de maternidad a la Agencia Tributaria?<\/h2>\n<p>Para <strong>calcular el monto de la devoluci\u00f3n del IRPF por maternidad<\/strong>\u00a0es necesario volver a realizar la declaraci\u00f3n de la renta del a\u00f1o en que recibimos la prestaci\u00f3n por maternidad. Entonces, restarle esos ingresos que la seguridad social abono mientras se permaneci\u00f3 de baja.<br \/>\nUna vez obtenido esta cantidad llam\u00e9mosla M1.<br \/>\nLa declaraci\u00f3n presentada M2.<br \/>\nLa diferencia entre (M2-M1)= cantidad a reclamar<\/p>\n<h2>\u00bfC\u00f3mo podemos hacer la reclamaci\u00f3n de la baja por maternidad?<\/h2>\n<p>La diferencia se reclama a Hacienda mediante un proceso administrativo. Debemos dirigirnos a una oficina de la administraci\u00f3n tributaria y pedir un impreso llamado Rectificaci\u00f3n de autoliquidaciones de gesti\u00f3n tributaria.<br \/>\nSe expresa de manera escrita la cantidad pagada de m\u00e1s, con las explicaciones necesarias a la administraci\u00f3n. Es conveniente colocar la sentencia del TRIBUNAL SUPREMO, Sala de lo Contencioso-Administrativo Secci\u00f3n Segunda Sentencia n\u00fam. 1462\/2018.octubre 3 de 2018.<br \/>\nIgualmente, podemos realizarlo v\u00eda Internet para rectificaciones de la declaraci\u00f3n del \u00faltimo a\u00f1o. Para las anteriores la v\u00eda digital no es posible.<br \/>\nA\u00fan as\u00ed, es conveniente esperar un poco. No se descarta que Hacienda habilite una formula f\u00e1cil, abreviada y com\u00fan para resolver el tr\u00e1mite, por haber gran cantidad de contribuyentes afectados.<\/p>\n<p>Al mismo tiempo debemos ser \u00e1giles, ya que las primeras en vencerse ser\u00edan las declaraciones hechas en el a\u00f1o 2015, correspondientes al ejercicio del a\u00f1o 2014.<br \/>\nDe tal manera que las nuevas prestaciones reconocidas se abonan sin el descuento y, las ya reconocidas y en fase de abono, se pagar\u00e1n en octubre tambi\u00e9n sin la retenci\u00f3n correspondiente al IRPF.<\/p>\n<p>Si quieres contar con un equipo especialista en la materia puedes contactar con nuestro <a href=\"http:\/\/www.bufetgambus.com\/es\/contacto\/\">bufete de abogados en Barcelona<\/a>, Bufet Gamb\u00fas. Nos recomiendan por encontrar siempre la mejor soluci\u00f3n y por la calidad de nuestro servicio.<\/p>\n","protected":false},"excerpt":{"rendered":"<p>Esta semana en Bufet Gamb\u00fas, tu despacho de abogados en Barcelona, respondemos a la pregunta \u00bfC\u00f3mo reclamar el IRPF de la baja por maternidad? Como las ayudas por parte del estado a las familias son cada vez m\u00e1s escasas, noticias como est\u00e1 siempre constituyen una alegr\u00eda: El tribunal Supremo ha establecido que las prestaciones por [&hellip;]<\/p>\n","protected":false},"author":5,"featured_media":3386,"comment_status":"open","ping_status":"open","sticky":false,"template":"","format":"standard","meta":{"footnotes":""},"categories":[61,33,1],"tags":[90,385,324,386,387],"class_list":["post-3389","post","type-post","status-publish","format-standard","has-post-thumbnail","hentry","category-actualidad","category-derecho-fiscal","category-sin-categoria","tag-abogados-barcelona-es","tag-baja-por-maternidad-es","tag-despacho-de-abogados-en-barcelona-es","tag-maternidad-es","tag-reclamar-irpf-es"],"yoast_head":"<!-- This site is optimized with the Yoast SEO plugin v21.4 - https:\/\/yoast.com\/wordpress\/plugins\/seo\/ -->\n<title>\u00bfC\u00f3mo reclamar el IRPF de la baja por maternidad? | Bufet Gambus - Advocats i Economistes<\/title>\n<meta name=\"robots\" content=\"index, follow, max-snippet:-1, max-image-preview:large, max-video-preview:-1\" \/>\n<link rel=\"canonical\" href=\"https:\/\/www.bufetgambus.com\/es\/como-reclamar-irpf-baja-por-maternidad\/\" \/>\n<meta property=\"og:locale\" content=\"es_ES\" \/>\n<meta property=\"og:type\" content=\"article\" \/>\n<meta property=\"og:title\" content=\"\u00bfC\u00f3mo reclamar el IRPF de la baja por maternidad? | Bufet Gambus - Advocats i Economistes\" \/>\n<meta property=\"og:description\" content=\"Esta semana en Bufet Gamb\u00fas, tu despacho de abogados en Barcelona, respondemos a la pregunta \u00bfC\u00f3mo reclamar el IRPF de la baja por maternidad? Como las ayudas por parte del estado a las familias son cada vez m\u00e1s escasas, noticias como est\u00e1 siempre constituyen una alegr\u00eda: El tribunal Supremo ha establecido que las prestaciones por [&hellip;]\" \/>\n<meta property=\"og:url\" content=\"https:\/\/www.bufetgambus.com\/es\/como-reclamar-irpf-baja-por-maternidad\/\" \/>\n<meta property=\"og:site_name\" content=\"Bufet Gambus\" \/>\n<meta property=\"article:published_time\" content=\"2018-10-31T14:52:29+00:00\" \/>\n<meta property=\"article:modified_time\" content=\"2019-06-26T09:38:13+00:00\" \/>\n<meta property=\"og:image\" content=\"https:\/\/www.bufetgambus.com\/wp-content\/uploads\/2018\/10\/baja-maternidad.jpg\" \/>\n\t<meta property=\"og:image:width\" content=\"460\" \/>\n\t<meta property=\"og:image:height\" content=\"210\" \/>\n\t<meta property=\"og:image:type\" content=\"image\/jpeg\" \/>\n<meta name=\"author\" content=\"Luzneyla\" \/>\n<meta name=\"twitter:card\" content=\"summary_large_image\" \/>\n<meta name=\"twitter:label1\" content=\"Escrito por\" \/>\n\t<meta name=\"twitter:data1\" content=\"Luzneyla\" \/>\n\t<meta name=\"twitter:label2\" content=\"Tiempo de lectura\" \/>\n\t<meta name=\"twitter:data2\" content=\"3 minutos\" \/>\n<script type=\"application\/ld+json\" class=\"yoast-schema-graph\">{\"@context\":\"https:\/\/schema.org\",\"@graph\":[{\"@type\":\"Article\",\"@id\":\"https:\/\/www.bufetgambus.com\/es\/como-reclamar-irpf-baja-por-maternidad\/#article\",\"isPartOf\":{\"@id\":\"https:\/\/www.bufetgambus.com\/es\/como-reclamar-irpf-baja-por-maternidad\/\"},\"author\":{\"name\":\"Luzneyla\",\"@id\":\"https:\/\/www.bufetgambus.com\/#\/schema\/person\/cace25d8f22675c0115f46590b3fe563\"},\"headline\":\"\u00bfC\u00f3mo reclamar el IRPF de la baja por maternidad?\",\"datePublished\":\"2018-10-31T14:52:29+00:00\",\"dateModified\":\"2019-06-26T09:38:13+00:00\",\"mainEntityOfPage\":{\"@id\":\"https:\/\/www.bufetgambus.com\/es\/como-reclamar-irpf-baja-por-maternidad\/\"},\"wordCount\":695,\"commentCount\":0,\"publisher\":{\"@id\":\"https:\/\/www.bufetgambus.com\/#organization\"},\"keywords\":[\"Abogados Barcelona\",\"Baja por maternidad\",\"Despacho de abogados en Barcelona\",\"Maternidad\",\"Reclamar IRPF\"],\"articleSection\":[\"Actualidad\",\"Derecho fiscal\"],\"inLanguage\":\"es\",\"potentialAction\":[{\"@type\":\"CommentAction\",\"name\":\"Comment\",\"target\":[\"https:\/\/www.bufetgambus.com\/es\/como-reclamar-irpf-baja-por-maternidad\/#respond\"]}]},{\"@type\":\"WebPage\",\"@id\":\"https:\/\/www.bufetgambus.com\/es\/como-reclamar-irpf-baja-por-maternidad\/\",\"url\":\"https:\/\/www.bufetgambus.com\/es\/como-reclamar-irpf-baja-por-maternidad\/\",\"name\":\"\u00bfC\u00f3mo reclamar el IRPF de la baja por maternidad? | Bufet Gambus - Advocats i Economistes\",\"isPartOf\":{\"@id\":\"https:\/\/www.bufetgambus.com\/#website\"},\"datePublished\":\"2018-10-31T14:52:29+00:00\",\"dateModified\":\"2019-06-26T09:38:13+00:00\",\"breadcrumb\":{\"@id\":\"https:\/\/www.bufetgambus.com\/es\/como-reclamar-irpf-baja-por-maternidad\/#breadcrumb\"},\"inLanguage\":\"es\",\"potentialAction\":[{\"@type\":\"ReadAction\",\"target\":[\"https:\/\/www.bufetgambus.com\/es\/como-reclamar-irpf-baja-por-maternidad\/\"]}]},{\"@type\":\"BreadcrumbList\",\"@id\":\"https:\/\/www.bufetgambus.com\/es\/como-reclamar-irpf-baja-por-maternidad\/#breadcrumb\",\"itemListElement\":[{\"@type\":\"ListItem\",\"position\":1,\"name\":\"Portada\",\"item\":\"https:\/\/www.bufetgambus.com\/es\/\"},{\"@type\":\"ListItem\",\"position\":2,\"name\":\"\u00bfC\u00f3mo reclamar el IRPF de la baja por maternidad?\"}]},{\"@type\":\"WebSite\",\"@id\":\"https:\/\/www.bufetgambus.com\/#website\",\"url\":\"https:\/\/www.bufetgambus.com\/\",\"name\":\"Bufet Gambus\",\"description\":\"\",\"publisher\":{\"@id\":\"https:\/\/www.bufetgambus.com\/#organization\"},\"potentialAction\":[{\"@type\":\"SearchAction\",\"target\":{\"@type\":\"EntryPoint\",\"urlTemplate\":\"https:\/\/www.bufetgambus.com\/?s={search_term_string}\"},\"query-input\":\"required name=search_term_string\"}],\"inLanguage\":\"es\"},{\"@type\":\"Organization\",\"@id\":\"https:\/\/www.bufetgambus.com\/#organization\",\"name\":\"Bufet Gamb\u00fas - Advocats i Economistes\",\"url\":\"https:\/\/www.bufetgambus.com\/\",\"logo\":{\"@type\":\"ImageObject\",\"inLanguage\":\"es\",\"@id\":\"https:\/\/www.bufetgambus.com\/#\/schema\/logo\/image\/\",\"url\":\"https:\/\/www.bufetgambus.com\/wp-content\/uploads\/2018\/04\/Logo-bufet-gambus-renovado.png\",\"contentUrl\":\"https:\/\/www.bufetgambus.com\/wp-content\/uploads\/2018\/04\/Logo-bufet-gambus-renovado.png\",\"width\":1200,\"height\":404,\"caption\":\"Bufet Gamb\u00fas - Advocats i Economistes\"},\"image\":{\"@id\":\"https:\/\/www.bufetgambus.com\/#\/schema\/logo\/image\/\"}},{\"@type\":\"Person\",\"@id\":\"https:\/\/www.bufetgambus.com\/#\/schema\/person\/cace25d8f22675c0115f46590b3fe563\",\"name\":\"Luzneyla\",\"image\":{\"@type\":\"ImageObject\",\"inLanguage\":\"es\",\"@id\":\"https:\/\/www.bufetgambus.com\/#\/schema\/person\/image\/\",\"url\":\"https:\/\/secure.gravatar.com\/avatar\/4869a69aa5a5f2f3d0250918aa4a98c8c9d75ca103c2546116ddfe0e8f789ef6?s=96&d=mm&r=g\",\"contentUrl\":\"https:\/\/secure.gravatar.com\/avatar\/4869a69aa5a5f2f3d0250918aa4a98c8c9d75ca103c2546116ddfe0e8f789ef6?s=96&d=mm&r=g\",\"caption\":\"Luzneyla\"}}]}<\/script>\n<!-- \/ Yoast SEO plugin. -->","yoast_head_json":{"title":"\u00bfC\u00f3mo reclamar el IRPF de la baja por maternidad? | Bufet Gambus - Advocats i Economistes","robots":{"index":"index","follow":"follow","max-snippet":"max-snippet:-1","max-image-preview":"max-image-preview:large","max-video-preview":"max-video-preview:-1"},"canonical":"https:\/\/www.bufetgambus.com\/es\/como-reclamar-irpf-baja-por-maternidad\/","og_locale":"es_ES","og_type":"article","og_title":"\u00bfC\u00f3mo reclamar el IRPF de la baja por maternidad? | Bufet Gambus - Advocats i Economistes","og_description":"Esta semana en Bufet Gamb\u00fas, tu despacho de abogados en Barcelona, respondemos a la pregunta \u00bfC\u00f3mo reclamar el IRPF de la baja por maternidad? Como las ayudas por parte del estado a las familias son cada vez m\u00e1s escasas, noticias como est\u00e1 siempre constituyen una alegr\u00eda: El tribunal Supremo ha establecido que las prestaciones por [&hellip;]","og_url":"https:\/\/www.bufetgambus.com\/es\/como-reclamar-irpf-baja-por-maternidad\/","og_site_name":"Bufet Gambus","article_published_time":"2018-10-31T14:52:29+00:00","article_modified_time":"2019-06-26T09:38:13+00:00","og_image":[{"width":460,"height":210,"url":"https:\/\/www.bufetgambus.com\/wp-content\/uploads\/2018\/10\/baja-maternidad.jpg","type":"image\/jpeg"}],"author":"Luzneyla","twitter_card":"summary_large_image","twitter_misc":{"Escrito por":"Luzneyla","Tiempo de lectura":"3 minutos"},"schema":{"@context":"https:\/\/schema.org","@graph":[{"@type":"Article","@id":"https:\/\/www.bufetgambus.com\/es\/como-reclamar-irpf-baja-por-maternidad\/#article","isPartOf":{"@id":"https:\/\/www.bufetgambus.com\/es\/como-reclamar-irpf-baja-por-maternidad\/"},"author":{"name":"Luzneyla","@id":"https:\/\/www.bufetgambus.com\/#\/schema\/person\/cace25d8f22675c0115f46590b3fe563"},"headline":"\u00bfC\u00f3mo reclamar el IRPF de la baja por maternidad?","datePublished":"2018-10-31T14:52:29+00:00","dateModified":"2019-06-26T09:38:13+00:00","mainEntityOfPage":{"@id":"https:\/\/www.bufetgambus.com\/es\/como-reclamar-irpf-baja-por-maternidad\/"},"wordCount":695,"commentCount":0,"publisher":{"@id":"https:\/\/www.bufetgambus.com\/#organization"},"keywords":["Abogados Barcelona","Baja por maternidad","Despacho de abogados en Barcelona","Maternidad","Reclamar IRPF"],"articleSection":["Actualidad","Derecho fiscal"],"inLanguage":"es","potentialAction":[{"@type":"CommentAction","name":"Comment","target":["https:\/\/www.bufetgambus.com\/es\/como-reclamar-irpf-baja-por-maternidad\/#respond"]}]},{"@type":"WebPage","@id":"https:\/\/www.bufetgambus.com\/es\/como-reclamar-irpf-baja-por-maternidad\/","url":"https:\/\/www.bufetgambus.com\/es\/como-reclamar-irpf-baja-por-maternidad\/","name":"\u00bfC\u00f3mo reclamar el IRPF de la baja por maternidad? | Bufet Gambus - Advocats i Economistes","isPartOf":{"@id":"https:\/\/www.bufetgambus.com\/#website"},"datePublished":"2018-10-31T14:52:29+00:00","dateModified":"2019-06-26T09:38:13+00:00","breadcrumb":{"@id":"https:\/\/www.bufetgambus.com\/es\/como-reclamar-irpf-baja-por-maternidad\/#breadcrumb"},"inLanguage":"es","potentialAction":[{"@type":"ReadAction","target":["https:\/\/www.bufetgambus.com\/es\/como-reclamar-irpf-baja-por-maternidad\/"]}]},{"@type":"BreadcrumbList","@id":"https:\/\/www.bufetgambus.com\/es\/como-reclamar-irpf-baja-por-maternidad\/#breadcrumb","itemListElement":[{"@type":"ListItem","position":1,"name":"Portada","item":"https:\/\/www.bufetgambus.com\/es\/"},{"@type":"ListItem","position":2,"name":"\u00bfC\u00f3mo reclamar el IRPF de la baja por maternidad?"}]},{"@type":"WebSite","@id":"https:\/\/www.bufetgambus.com\/#website","url":"https:\/\/www.bufetgambus.com\/","name":"Bufet Gambus","description":"","publisher":{"@id":"https:\/\/www.bufetgambus.com\/#organization"},"potentialAction":[{"@type":"SearchAction","target":{"@type":"EntryPoint","urlTemplate":"https:\/\/www.bufetgambus.com\/?s={search_term_string}"},"query-input":"required name=search_term_string"}],"inLanguage":"es"},{"@type":"Organization","@id":"https:\/\/www.bufetgambus.com\/#organization","name":"Bufet Gamb\u00fas - Advocats i Economistes","url":"https:\/\/www.bufetgambus.com\/","logo":{"@type":"ImageObject","inLanguage":"es","@id":"https:\/\/www.bufetgambus.com\/#\/schema\/logo\/image\/","url":"https:\/\/www.bufetgambus.com\/wp-content\/uploads\/2018\/04\/Logo-bufet-gambus-renovado.png","contentUrl":"https:\/\/www.bufetgambus.com\/wp-content\/uploads\/2018\/04\/Logo-bufet-gambus-renovado.png","width":1200,"height":404,"caption":"Bufet Gamb\u00fas - Advocats i Economistes"},"image":{"@id":"https:\/\/www.bufetgambus.com\/#\/schema\/logo\/image\/"}},{"@type":"Person","@id":"https:\/\/www.bufetgambus.com\/#\/schema\/person\/cace25d8f22675c0115f46590b3fe563","name":"Luzneyla","image":{"@type":"ImageObject","inLanguage":"es","@id":"https:\/\/www.bufetgambus.com\/#\/schema\/person\/image\/","url":"https:\/\/secure.gravatar.com\/avatar\/4869a69aa5a5f2f3d0250918aa4a98c8c9d75ca103c2546116ddfe0e8f789ef6?s=96&d=mm&r=g","contentUrl":"https:\/\/secure.gravatar.com\/avatar\/4869a69aa5a5f2f3d0250918aa4a98c8c9d75ca103c2546116ddfe0e8f789ef6?s=96&d=mm&r=g","caption":"Luzneyla"}}]}},"_links":{"self":[{"href":"https:\/\/www.bufetgambus.com\/es\/wp-json\/wp\/v2\/posts\/3389","targetHints":{"allow":["GET"]}}],"collection":[{"href":"https:\/\/www.bufetgambus.com\/es\/wp-json\/wp\/v2\/posts"}],"about":[{"href":"https:\/\/www.bufetgambus.com\/es\/wp-json\/wp\/v2\/types\/post"}],"author":[{"embeddable":true,"href":"https:\/\/www.bufetgambus.com\/es\/wp-json\/wp\/v2\/users\/5"}],"replies":[{"embeddable":true,"href":"https:\/\/www.bufetgambus.com\/es\/wp-json\/wp\/v2\/comments?post=3389"}],"version-history":[{"count":2,"href":"https:\/\/www.bufetgambus.com\/es\/wp-json\/wp\/v2\/posts\/3389\/revisions"}],"predecessor-version":[{"id":3525,"href":"https:\/\/www.bufetgambus.com\/es\/wp-json\/wp\/v2\/posts\/3389\/revisions\/3525"}],"wp:featuredmedia":[{"embeddable":true,"href":"https:\/\/www.bufetgambus.com\/es\/wp-json\/wp\/v2\/media\/3386"}],"wp:attachment":[{"href":"https:\/\/www.bufetgambus.com\/es\/wp-json\/wp\/v2\/media?parent=3389"}],"wp:term":[{"taxonomy":"category","embeddable":true,"href":"https:\/\/www.bufetgambus.com\/es\/wp-json\/wp\/v2\/categories?post=3389"},{"taxonomy":"post_tag","embeddable":true,"href":"https:\/\/www.bufetgambus.com\/es\/wp-json\/wp\/v2\/tags?post=3389"}],"curies":[{"name":"wp","href":"https:\/\/api.w.org\/{rel}","templated":true}]}}