{"id":3379,"date":"2018-10-24T17:15:45","date_gmt":"2018-10-24T15:15:45","guid":{"rendered":"http:\/\/www.bufetgambus.com\/es\/?p=3379"},"modified":"2019-06-26T11:38:36","modified_gmt":"2019-06-26T09:38:36","slug":"prevencion-de-riesgos-laborales","status":"publish","type":"post","link":"https:\/\/www.bufetgambus.com\/es\/prevencion-de-riesgos-laborales\/","title":{"rendered":"Prevenci\u00f3n de riesgos laborales: \u00bfqu\u00e9 es y qu\u00e9 debe cumplir?"},"content":{"rendered":"<p>Bienvenido de nuevo a <a href=\"http:\/\/www.bufetgambus.com\/\">Bufet Gamb\u00fas<\/a>, su <strong>despacho de abogados<\/strong> y <strong>economistas<\/strong> en <strong>Barcelona.<\/strong> Nuestro <strong>bufete de abogados<\/strong> cuenta con especialistas en las \u00e1reas <strong>civil, mercantil, laboral<\/strong> y <strong>fiscal<\/strong> que cuentan con m\u00e1s de <strong>30 a\u00f1os de experiencia<\/strong> en el sector. Esta semana nos gustar\u00eda compartir con\u00a0vosotros un art\u00edculo sobre la importancia de mantener un <strong>plan de prevenci\u00f3n de riesgos laborales<\/strong> en la empresa.<\/p>\n<p><!--more--><\/p>\n<h2><strong>\u00bfQu\u00e9 es la prevenci\u00f3n de riesgos laborales?<\/strong><\/h2>\n<p>Cuando nos referimos a la <strong>prevenci\u00f3n de riesgos laborales<\/strong> hablamos del conjunto de medidas y actividades para prevenir los riesgos derivados de cada condici\u00f3n de trabajo. Es decir, proteger al trabajador. Cada empresa desarrolla sus est\u00e1ndares de seguridad seg\u00fan el sector teniendo en cuenta que es obligatorio la implementaci\u00f3n del PRL.<\/p>\n<p>Como riesgo laboral entendemos la posibilidad de que un trabajador sufra determinados da\u00f1os derivados del trabajo como enfermedades o lesiones.<\/p>\n<h2><strong>Obligaciones<\/strong><\/h2>\n<p>La persona, departamento o empresa externa que gestione la Prevenci\u00f3n de Riesgos Laborales deber\u00e1 cumplir con unas <strong>obligaciones:<\/strong><\/p>\n<p>&#8211; Realizar una evaluaci\u00f3n inicial de los riesgos y establecer las medidas preventivas.<\/p>\n<p>&#8211; Informar a los trabajadores de los riesgos y medidas preventivas de su puesto as\u00ed como las de emergencia o evacuaci\u00f3n.<\/p>\n<p>&#8211; Formar a los trabajadores en PRL que tengan que ver con su puesto o espacios comunes de la empresa.<\/p>\n<p>&#8211; Ofrecer a los trabajadores la posibilidad de realizar reconocimientos m\u00e9dicos a cargo de la empresa peri\u00f3dicamente.<\/p>\n<p>&#8211; Documentar y llevar una planificaci\u00f3n de la actividad preventiva.<\/p>\n<p>El incumplimiento de estos requisitos por parte de los empresarios dar\u00e1 lugar a <strong>responsabilidades administrativas, civiles<\/strong> y <strong>penales<\/strong> por da\u00f1os y perjuicios. Recordando que el desconocimiento de la ley no exime de su responsabilidad.<\/p>\n<p>Las infracciones en prevenci\u00f3n de riesgos laborales pueden ser leves, graves o muy graves y las penalizaciones oscilan entre los 40 euros hasta los 819.780 euros.<\/p>\n<h2><strong>\u00bfCu\u00e1les son los 7 accidentes laborales m\u00e1s frecuentes?<\/strong><\/h2>\n<p>&#8211; Ca\u00eddas a mismo nivel. Ocurren en lugares de paso por ca\u00eddas, tropiezos, resbalones\u2026<\/p>\n<p>&#8211; Ca\u00eddas de altura. Por ejemplo, las escaleras.<\/p>\n<p>&#8211; Contactos el\u00e9ctricos. Por el contacto ya sea directo o indirecto con elementos electr\u00f3nicos que pueden producir quemaduras.<\/p>\n<p>&#8211; Cortes y pinchazos. Ocurren sobre todo al manipular material de oficina como grapadoras, guillotinas, incluso folios.<\/p>\n<p>&#8211; Golpes con el mobiliario. Asegurarse de que el mobiliario est\u00e1 bien anclado para que no se produzcan este tipo de accidentes ya que suele ser la principal causa y es un 2% aproximadamente de la totalidad de accidentes laborales.<\/p>\n<p>&#8211; El lugar de trabajo debe estar abastecido con extintores, pasillos de evacuaci\u00f3n y salidas de emergencia.<\/p>\n<p>&#8211; Fatiga postural. Cuidar la posici\u00f3n en el \u00e1mbito de trabajo te ahorrar\u00e1 m\u00e1s de un dolor de espalda, migra\u00f1as, dolor muscular, etc.<\/p>\n<p>Esperamos que el art\u00edculo de hoy le sea de inter\u00e9s y ayuda. Para cualquier duda, puede ponerse en <a href=\"http:\/\/www.bufetgambus.com\/es\/contacto\/\">contacto<\/a> con nuestro <strong>bufete de abogados. <\/strong>En Bufet Gamb\u00fas le ofreceremos\u00a0<strong>soluciones\u00a0<\/strong>en <strong>gesti\u00f3n de recursos humanos<\/strong> y en <strong>prevenci\u00f3n de riesgos laborales.<\/strong><\/p>\n","protected":false},"excerpt":{"rendered":"<p>Bienvenido de nuevo a Bufet Gamb\u00fas, su despacho de abogados y economistas en Barcelona. Nuestro bufete de abogados cuenta con especialistas en las \u00e1reas civil, mercantil, laboral y fiscal que cuentan con m\u00e1s de 30 a\u00f1os de experiencia en el sector. Esta semana nos gustar\u00eda compartir con\u00a0vosotros un art\u00edculo sobre la importancia de mantener un [&hellip;]<\/p>\n","protected":false},"author":5,"featured_media":3375,"comment_status":"open","ping_status":"open","sticky":false,"template":"","format":"standard","meta":{"footnotes":""},"categories":[36,1],"tags":[323,90,376,324,377,378],"class_list":["post-3379","post","type-post","status-publish","format-standard","has-post-thumbnail","hentry","category-derecho-laboral","category-sin-categoria","tag-abogados-es","tag-abogados-barcelona-es","tag-accidentes-laborales-es","tag-despacho-de-abogados-en-barcelona-es","tag-prevencion-de-riesgos-laborales-es","tag-recursos-humanos-es"],"yoast_head":"<!-- This site is optimized with the Yoast SEO plugin v21.4 - https:\/\/yoast.com\/wordpress\/plugins\/seo\/ -->\n<title>Prevenci\u00f3n de riesgos laborales: \u00bfqu\u00e9 es y qu\u00e9 debe cumplir? | Bufet Gambus - Advocats i Economistes<\/title>\n<meta name=\"description\" content=\"Bufet Gamb\u00fas, despacho de abogados y economistas en Barcelona. Hoy hablaremos sobre la importancia de mantener un plan de prevenci\u00f3n de riesgos laborales.\" \/>\n<meta name=\"robots\" content=\"index, follow, max-snippet:-1, max-image-preview:large, max-video-preview:-1\" \/>\n<link rel=\"canonical\" href=\"https:\/\/www.bufetgambus.com\/es\/prevencion-de-riesgos-laborales\/\" \/>\n<meta property=\"og:locale\" content=\"es_ES\" \/>\n<meta property=\"og:type\" content=\"article\" \/>\n<meta property=\"og:title\" content=\"Prevenci\u00f3n de riesgos laborales: \u00bfqu\u00e9 es y qu\u00e9 debe cumplir? | Bufet Gambus - Advocats i Economistes\" \/>\n<meta property=\"og:description\" content=\"Bufet Gamb\u00fas, despacho de abogados y economistas en Barcelona. Hoy hablaremos sobre la importancia de mantener un plan de prevenci\u00f3n de riesgos laborales.\" \/>\n<meta property=\"og:url\" content=\"https:\/\/www.bufetgambus.com\/es\/prevencion-de-riesgos-laborales\/\" \/>\n<meta property=\"og:site_name\" content=\"Bufet Gambus\" \/>\n<meta property=\"article:published_time\" content=\"2018-10-24T15:15:45+00:00\" \/>\n<meta property=\"article:modified_time\" content=\"2019-06-26T09:38:36+00:00\" \/>\n<meta property=\"og:image\" content=\"https:\/\/www.bufetgambus.com\/wp-content\/uploads\/2018\/10\/Prevencion-Riesgos-laborales.jpg\" \/>\n\t<meta property=\"og:image:width\" content=\"700\" \/>\n\t<meta property=\"og:image:height\" content=\"468\" \/>\n\t<meta property=\"og:image:type\" content=\"image\/jpeg\" \/>\n<meta name=\"author\" content=\"Luzneyla\" \/>\n<meta name=\"twitter:card\" content=\"summary_large_image\" \/>\n<meta name=\"twitter:label1\" content=\"Escrito por\" \/>\n\t<meta name=\"twitter:data1\" content=\"Luzneyla\" \/>\n\t<meta name=\"twitter:label2\" content=\"Tiempo de lectura\" \/>\n\t<meta name=\"twitter:data2\" content=\"3 minutos\" \/>\n<script type=\"application\/ld+json\" class=\"yoast-schema-graph\">{\"@context\":\"https:\/\/schema.org\",\"@graph\":[{\"@type\":\"Article\",\"@id\":\"https:\/\/www.bufetgambus.com\/es\/prevencion-de-riesgos-laborales\/#article\",\"isPartOf\":{\"@id\":\"https:\/\/www.bufetgambus.com\/es\/prevencion-de-riesgos-laborales\/\"},\"author\":{\"name\":\"Luzneyla\",\"@id\":\"https:\/\/www.bufetgambus.com\/#\/schema\/person\/cace25d8f22675c0115f46590b3fe563\"},\"headline\":\"Prevenci\u00f3n de riesgos laborales: \u00bfqu\u00e9 es y qu\u00e9 debe cumplir?\",\"datePublished\":\"2018-10-24T15:15:45+00:00\",\"dateModified\":\"2019-06-26T09:38:36+00:00\",\"mainEntityOfPage\":{\"@id\":\"https:\/\/www.bufetgambus.com\/es\/prevencion-de-riesgos-laborales\/\"},\"wordCount\":532,\"commentCount\":0,\"publisher\":{\"@id\":\"https:\/\/www.bufetgambus.com\/#organization\"},\"keywords\":[\"Abogados\",\"Abogados Barcelona\",\"Accidentes Laborales\",\"Despacho de abogados en Barcelona\",\"Prevenci\u00f3n de Riesgos Laborales\",\"Recursos Humanos\"],\"articleSection\":[\"Derecho laboral\"],\"inLanguage\":\"es\",\"potentialAction\":[{\"@type\":\"CommentAction\",\"name\":\"Comment\",\"target\":[\"https:\/\/www.bufetgambus.com\/es\/prevencion-de-riesgos-laborales\/#respond\"]}]},{\"@type\":\"WebPage\",\"@id\":\"https:\/\/www.bufetgambus.com\/es\/prevencion-de-riesgos-laborales\/\",\"url\":\"https:\/\/www.bufetgambus.com\/es\/prevencion-de-riesgos-laborales\/\",\"name\":\"Prevenci\u00f3n de riesgos laborales: \u00bfqu\u00e9 es y qu\u00e9 debe cumplir? | Bufet Gambus - Advocats i Economistes\",\"isPartOf\":{\"@id\":\"https:\/\/www.bufetgambus.com\/#website\"},\"datePublished\":\"2018-10-24T15:15:45+00:00\",\"dateModified\":\"2019-06-26T09:38:36+00:00\",\"description\":\"Bufet Gamb\u00fas, despacho de abogados y economistas en Barcelona. Hoy hablaremos sobre la importancia de mantener un plan de prevenci\u00f3n de riesgos laborales.\",\"breadcrumb\":{\"@id\":\"https:\/\/www.bufetgambus.com\/es\/prevencion-de-riesgos-laborales\/#breadcrumb\"},\"inLanguage\":\"es\",\"potentialAction\":[{\"@type\":\"ReadAction\",\"target\":[\"https:\/\/www.bufetgambus.com\/es\/prevencion-de-riesgos-laborales\/\"]}]},{\"@type\":\"BreadcrumbList\",\"@id\":\"https:\/\/www.bufetgambus.com\/es\/prevencion-de-riesgos-laborales\/#breadcrumb\",\"itemListElement\":[{\"@type\":\"ListItem\",\"position\":1,\"name\":\"Portada\",\"item\":\"https:\/\/www.bufetgambus.com\/es\/\"},{\"@type\":\"ListItem\",\"position\":2,\"name\":\"Prevenci\u00f3n de riesgos laborales: \u00bfqu\u00e9 es y qu\u00e9 debe cumplir?\"}]},{\"@type\":\"WebSite\",\"@id\":\"https:\/\/www.bufetgambus.com\/#website\",\"url\":\"https:\/\/www.bufetgambus.com\/\",\"name\":\"Bufet Gambus\",\"description\":\"\",\"publisher\":{\"@id\":\"https:\/\/www.bufetgambus.com\/#organization\"},\"potentialAction\":[{\"@type\":\"SearchAction\",\"target\":{\"@type\":\"EntryPoint\",\"urlTemplate\":\"https:\/\/www.bufetgambus.com\/?s={search_term_string}\"},\"query-input\":\"required name=search_term_string\"}],\"inLanguage\":\"es\"},{\"@type\":\"Organization\",\"@id\":\"https:\/\/www.bufetgambus.com\/#organization\",\"name\":\"Bufet Gamb\u00fas - Advocats i Economistes\",\"url\":\"https:\/\/www.bufetgambus.com\/\",\"logo\":{\"@type\":\"ImageObject\",\"inLanguage\":\"es\",\"@id\":\"https:\/\/www.bufetgambus.com\/#\/schema\/logo\/image\/\",\"url\":\"https:\/\/www.bufetgambus.com\/wp-content\/uploads\/2018\/04\/Logo-bufet-gambus-renovado.png\",\"contentUrl\":\"https:\/\/www.bufetgambus.com\/wp-content\/uploads\/2018\/04\/Logo-bufet-gambus-renovado.png\",\"width\":1200,\"height\":404,\"caption\":\"Bufet Gamb\u00fas - Advocats i Economistes\"},\"image\":{\"@id\":\"https:\/\/www.bufetgambus.com\/#\/schema\/logo\/image\/\"}},{\"@type\":\"Person\",\"@id\":\"https:\/\/www.bufetgambus.com\/#\/schema\/person\/cace25d8f22675c0115f46590b3fe563\",\"name\":\"Luzneyla\",\"image\":{\"@type\":\"ImageObject\",\"inLanguage\":\"es\",\"@id\":\"https:\/\/www.bufetgambus.com\/#\/schema\/person\/image\/\",\"url\":\"https:\/\/secure.gravatar.com\/avatar\/4869a69aa5a5f2f3d0250918aa4a98c8c9d75ca103c2546116ddfe0e8f789ef6?s=96&d=mm&r=g\",\"contentUrl\":\"https:\/\/secure.gravatar.com\/avatar\/4869a69aa5a5f2f3d0250918aa4a98c8c9d75ca103c2546116ddfe0e8f789ef6?s=96&d=mm&r=g\",\"caption\":\"Luzneyla\"}}]}<\/script>\n<!-- \/ Yoast SEO plugin. -->","yoast_head_json":{"title":"Prevenci\u00f3n de riesgos laborales: \u00bfqu\u00e9 es y qu\u00e9 debe cumplir? | Bufet Gambus - Advocats i Economistes","description":"Bufet Gamb\u00fas, despacho de abogados y economistas en Barcelona. Hoy hablaremos sobre la importancia de mantener un plan de prevenci\u00f3n de riesgos laborales.","robots":{"index":"index","follow":"follow","max-snippet":"max-snippet:-1","max-image-preview":"max-image-preview:large","max-video-preview":"max-video-preview:-1"},"canonical":"https:\/\/www.bufetgambus.com\/es\/prevencion-de-riesgos-laborales\/","og_locale":"es_ES","og_type":"article","og_title":"Prevenci\u00f3n de riesgos laborales: \u00bfqu\u00e9 es y qu\u00e9 debe cumplir? | Bufet Gambus - Advocats i Economistes","og_description":"Bufet Gamb\u00fas, despacho de abogados y economistas en Barcelona. Hoy hablaremos sobre la importancia de mantener un plan de prevenci\u00f3n de riesgos laborales.","og_url":"https:\/\/www.bufetgambus.com\/es\/prevencion-de-riesgos-laborales\/","og_site_name":"Bufet Gambus","article_published_time":"2018-10-24T15:15:45+00:00","article_modified_time":"2019-06-26T09:38:36+00:00","og_image":[{"width":700,"height":468,"url":"https:\/\/www.bufetgambus.com\/wp-content\/uploads\/2018\/10\/Prevencion-Riesgos-laborales.jpg","type":"image\/jpeg"}],"author":"Luzneyla","twitter_card":"summary_large_image","twitter_misc":{"Escrito por":"Luzneyla","Tiempo de lectura":"3 minutos"},"schema":{"@context":"https:\/\/schema.org","@graph":[{"@type":"Article","@id":"https:\/\/www.bufetgambus.com\/es\/prevencion-de-riesgos-laborales\/#article","isPartOf":{"@id":"https:\/\/www.bufetgambus.com\/es\/prevencion-de-riesgos-laborales\/"},"author":{"name":"Luzneyla","@id":"https:\/\/www.bufetgambus.com\/#\/schema\/person\/cace25d8f22675c0115f46590b3fe563"},"headline":"Prevenci\u00f3n de riesgos laborales: \u00bfqu\u00e9 es y qu\u00e9 debe cumplir?","datePublished":"2018-10-24T15:15:45+00:00","dateModified":"2019-06-26T09:38:36+00:00","mainEntityOfPage":{"@id":"https:\/\/www.bufetgambus.com\/es\/prevencion-de-riesgos-laborales\/"},"wordCount":532,"commentCount":0,"publisher":{"@id":"https:\/\/www.bufetgambus.com\/#organization"},"keywords":["Abogados","Abogados Barcelona","Accidentes Laborales","Despacho de abogados en Barcelona","Prevenci\u00f3n de Riesgos Laborales","Recursos Humanos"],"articleSection":["Derecho laboral"],"inLanguage":"es","potentialAction":[{"@type":"CommentAction","name":"Comment","target":["https:\/\/www.bufetgambus.com\/es\/prevencion-de-riesgos-laborales\/#respond"]}]},{"@type":"WebPage","@id":"https:\/\/www.bufetgambus.com\/es\/prevencion-de-riesgos-laborales\/","url":"https:\/\/www.bufetgambus.com\/es\/prevencion-de-riesgos-laborales\/","name":"Prevenci\u00f3n de riesgos laborales: \u00bfqu\u00e9 es y qu\u00e9 debe cumplir? | Bufet Gambus - Advocats i Economistes","isPartOf":{"@id":"https:\/\/www.bufetgambus.com\/#website"},"datePublished":"2018-10-24T15:15:45+00:00","dateModified":"2019-06-26T09:38:36+00:00","description":"Bufet Gamb\u00fas, despacho de abogados y economistas en Barcelona. Hoy hablaremos sobre la importancia de mantener un plan de prevenci\u00f3n de riesgos laborales.","breadcrumb":{"@id":"https:\/\/www.bufetgambus.com\/es\/prevencion-de-riesgos-laborales\/#breadcrumb"},"inLanguage":"es","potentialAction":[{"@type":"ReadAction","target":["https:\/\/www.bufetgambus.com\/es\/prevencion-de-riesgos-laborales\/"]}]},{"@type":"BreadcrumbList","@id":"https:\/\/www.bufetgambus.com\/es\/prevencion-de-riesgos-laborales\/#breadcrumb","itemListElement":[{"@type":"ListItem","position":1,"name":"Portada","item":"https:\/\/www.bufetgambus.com\/es\/"},{"@type":"ListItem","position":2,"name":"Prevenci\u00f3n de riesgos laborales: \u00bfqu\u00e9 es y qu\u00e9 debe cumplir?"}]},{"@type":"WebSite","@id":"https:\/\/www.bufetgambus.com\/#website","url":"https:\/\/www.bufetgambus.com\/","name":"Bufet Gambus","description":"","publisher":{"@id":"https:\/\/www.bufetgambus.com\/#organization"},"potentialAction":[{"@type":"SearchAction","target":{"@type":"EntryPoint","urlTemplate":"https:\/\/www.bufetgambus.com\/?s={search_term_string}"},"query-input":"required name=search_term_string"}],"inLanguage":"es"},{"@type":"Organization","@id":"https:\/\/www.bufetgambus.com\/#organization","name":"Bufet Gamb\u00fas - Advocats i Economistes","url":"https:\/\/www.bufetgambus.com\/","logo":{"@type":"ImageObject","inLanguage":"es","@id":"https:\/\/www.bufetgambus.com\/#\/schema\/logo\/image\/","url":"https:\/\/www.bufetgambus.com\/wp-content\/uploads\/2018\/04\/Logo-bufet-gambus-renovado.png","contentUrl":"https:\/\/www.bufetgambus.com\/wp-content\/uploads\/2018\/04\/Logo-bufet-gambus-renovado.png","width":1200,"height":404,"caption":"Bufet Gamb\u00fas - Advocats i Economistes"},"image":{"@id":"https:\/\/www.bufetgambus.com\/#\/schema\/logo\/image\/"}},{"@type":"Person","@id":"https:\/\/www.bufetgambus.com\/#\/schema\/person\/cace25d8f22675c0115f46590b3fe563","name":"Luzneyla","image":{"@type":"ImageObject","inLanguage":"es","@id":"https:\/\/www.bufetgambus.com\/#\/schema\/person\/image\/","url":"https:\/\/secure.gravatar.com\/avatar\/4869a69aa5a5f2f3d0250918aa4a98c8c9d75ca103c2546116ddfe0e8f789ef6?s=96&d=mm&r=g","contentUrl":"https:\/\/secure.gravatar.com\/avatar\/4869a69aa5a5f2f3d0250918aa4a98c8c9d75ca103c2546116ddfe0e8f789ef6?s=96&d=mm&r=g","caption":"Luzneyla"}}]}},"_links":{"self":[{"href":"https:\/\/www.bufetgambus.com\/es\/wp-json\/wp\/v2\/posts\/3379","targetHints":{"allow":["GET"]}}],"collection":[{"href":"https:\/\/www.bufetgambus.com\/es\/wp-json\/wp\/v2\/posts"}],"about":[{"href":"https:\/\/www.bufetgambus.com\/es\/wp-json\/wp\/v2\/types\/post"}],"author":[{"embeddable":true,"href":"https:\/\/www.bufetgambus.com\/es\/wp-json\/wp\/v2\/users\/5"}],"replies":[{"embeddable":true,"href":"https:\/\/www.bufetgambus.com\/es\/wp-json\/wp\/v2\/comments?post=3379"}],"version-history":[{"count":1,"href":"https:\/\/www.bufetgambus.com\/es\/wp-json\/wp\/v2\/posts\/3379\/revisions"}],"predecessor-version":[{"id":3381,"href":"https:\/\/www.bufetgambus.com\/es\/wp-json\/wp\/v2\/posts\/3379\/revisions\/3381"}],"wp:featuredmedia":[{"embeddable":true,"href":"https:\/\/www.bufetgambus.com\/es\/wp-json\/wp\/v2\/media\/3375"}],"wp:attachment":[{"href":"https:\/\/www.bufetgambus.com\/es\/wp-json\/wp\/v2\/media?parent=3379"}],"wp:term":[{"taxonomy":"category","embeddable":true,"href":"https:\/\/www.bufetgambus.com\/es\/wp-json\/wp\/v2\/categories?post=3379"},{"taxonomy":"post_tag","embeddable":true,"href":"https:\/\/www.bufetgambus.com\/es\/wp-json\/wp\/v2\/tags?post=3379"}],"curies":[{"name":"wp","href":"https:\/\/api.w.org\/{rel}","templated":true}]}}