{"id":2901,"date":"2018-06-13T11:00:35","date_gmt":"2018-06-13T09:00:35","guid":{"rendered":"http:\/\/www.bufetgambus.com\/es\/?p=2901"},"modified":"2018-06-14T10:10:17","modified_gmt":"2018-06-14T08:10:17","slug":"nueva-area-tributacion-impuesto-digital","status":"publish","type":"post","link":"https:\/\/www.bufetgambus.com\/es\/nueva-area-tributacion-impuesto-digital\/","title":{"rendered":"Nueva \u00e1rea de tributaci\u00f3n: el impuesto digital"},"content":{"rendered":"<p><a href=\"http:\/\/www.bufetgambus.com\/\">Bufet Gamb\u00fas<\/a> es un bufete de abogados situado en la ciudad de Barcelona, que cuenta con un equipo de profesionales especialistas en diferentes \u00e1reas. Si necesita asistencia jur\u00eddica, econ\u00f3mica o financiera, no dude en contactar con nosotros. En Bufet Gamb\u00fas pondremos a su disposici\u00f3n nuestra amplia experiencia jur\u00eddica. En el art\u00edculo de hoy hablaremos de un tema de actualidad en esta era digital, la implementaci\u00f3n del nuevo impuesto digital.<\/p>\n<p><!--more--><\/p>\n<p>El pasado mes de abril el ministro de Econom\u00eda, Rom\u00e1n Escolano, anunci\u00f3 que el Gobierno ten\u00eda previsto presentar cuanto antes el nuevo impuesto digital a las grandes empresas tecnol\u00f3gicas. La idea es que esta nueva \u00e1rea de tributaci\u00f3n entre en vigor el pr\u00f3ximo a\u00f1o, con la finalidad de ayudar a financiar la subida de las pensiones. No obstante, tampoco se puede descartar que se empiece a recaudar este nuevo impuesto este mismo a\u00f1o, puesto que esperan que su tramitaci\u00f3n sea lo m\u00e1s r\u00e1pida posible.<\/p>\n<p>Seg\u00fan el ministro de Hacienda, Crist\u00f3bal Montoro, se tratar\u00eda de un impuesto sobre determinados servicios digitales que gravar\u00eda las transacciones electr\u00f3nicas. De esta manera, no se tratar\u00eda de un impuesto sobre consumidores ni usuarios de estos servicios, sino de un impuesto a grandes empresas que, como precis\u00f3 Montoro, \u201cno pagan lo suficiente en Estados donde consiguen un importante volumen de negocio\u201d.<\/p>\n<p>En concreto, este impuesto digital o \u201ctasa Google\u201d plantea imponer un impuesto del 3% sobre la facturaci\u00f3n por ciertos servicios digitales de las grandes multinacionales (como Google, Facebook, Apple y Amazon) que facturen al a\u00f1o m\u00e1s de 750 millones de euros en todo el mundo, y m\u00e1s de 50 millones en la Uni\u00f3n Europea.<\/p>\n<p>De esta manera, dicha imposici\u00f3n a las empresas que operan en la econom\u00eda digital permitir\u00eda a los Estados gravar los beneficios que se generen en su territorio de aquellas empresas que, aunque no teniendo presencia f\u00edsica, tienen presencia digital o un establecimiento virtual. En nuestro caso, se garantizar\u00e1 que los negocios digitales tributen por aquellas actividades y beneficios que obtengan en Espa\u00f1a, aunque su domicilio fiscal se encuentre en otro pa\u00eds.<\/p>\n<p>Como ya han hecho otros varios pa\u00edses como el Reino Unido, Francia o Alemania, el Gobierno espa\u00f1ol ya se encuentra trabajando en su elaboraci\u00f3n y prev\u00e9 introducir esta tasa en el pa\u00eds antes de que se haya acordado a nivel europeo. As\u00ed, el territorio espa\u00f1ol se sumar\u00eda a los principales pa\u00edses europeos que ya cuentan con esta nueva figura tributaria. Como asegur\u00f3 Escolano, el pa\u00eds considera que el actual auge de la econom\u00eda digital hace necesario esta nueva tributaci\u00f3n para que no recaiga toda en la vieja econom\u00eda.<\/p>\n<p>En resumidas cuentas, el objetivo de este impuesto digital ser\u00e1 intentar paliar la desigualdad de la baja tributaci\u00f3n de estas grandes empresas tecnol\u00f3gicas en la UE.<\/p>\n<p>Esperamos que el art\u00edculo haya sido de su inter\u00e9s. Si necesita de asesoramiento tributario, no dude en <a href=\"http:\/\/www.bufetgambus.com\/\">consultar<\/a> con nuestros expertos. Nuestro bufete de abogados de Barcelona le ayudar\u00e1 en todo aquello que necesite.<\/p>\n","protected":false},"excerpt":{"rendered":"<p>Bufet Gamb\u00fas es un bufete de abogados situado en la ciudad de Barcelona, que cuenta con un equipo de profesionales especialistas en diferentes \u00e1reas. Si necesita asistencia jur\u00eddica, econ\u00f3mica o financiera, no dude en contactar con nosotros. En Bufet Gamb\u00fas pondremos a su disposici\u00f3n nuestra amplia experiencia jur\u00eddica. En el art\u00edculo de hoy hablaremos de [&hellip;]<\/p>\n","protected":false},"author":5,"featured_media":2898,"comment_status":"open","ping_status":"open","sticky":false,"template":"","format":"standard","meta":{"footnotes":""},"categories":[61,33,1],"tags":[231,232,233,234],"class_list":["post-2901","post","type-post","status-publish","format-standard","has-post-thumbnail","hentry","category-actualidad","category-derecho-fiscal","category-sin-categoria","tag-empresas-digitales-es","tag-impuesto-digital-es","tag-tributacion-es","tag-union-europea-es"],"yoast_head":"<!-- This site is optimized with the Yoast SEO plugin v21.4 - https:\/\/yoast.com\/wordpress\/plugins\/seo\/ -->\n<title>Nueva \u00e1rea de tributaci\u00f3n: el impuesto digital | Bufet Gambus - Advocats i Economistes<\/title>\n<meta name=\"description\" content=\"Bufet Gamb\u00fas es un bufete de abogados situado en la ciudad de Barcelona. En este art\u00edculo hablaremos sobre la implementaci\u00f3n del nuevo impuesto digital.\" \/>\n<meta name=\"robots\" content=\"index, follow, max-snippet:-1, max-image-preview:large, max-video-preview:-1\" \/>\n<link rel=\"canonical\" href=\"https:\/\/www.bufetgambus.com\/es\/nueva-area-tributacion-impuesto-digital\/\" \/>\n<meta property=\"og:locale\" content=\"es_ES\" \/>\n<meta property=\"og:type\" content=\"article\" \/>\n<meta property=\"og:title\" content=\"Nueva \u00e1rea de tributaci\u00f3n: el impuesto digital | Bufet Gambus - Advocats i Economistes\" \/>\n<meta property=\"og:description\" content=\"Bufet Gamb\u00fas es un bufete de abogados situado en la ciudad de Barcelona. En este art\u00edculo hablaremos sobre la implementaci\u00f3n del nuevo impuesto digital.\" \/>\n<meta property=\"og:url\" content=\"https:\/\/www.bufetgambus.com\/es\/nueva-area-tributacion-impuesto-digital\/\" \/>\n<meta property=\"og:site_name\" content=\"Bufet Gambus\" \/>\n<meta property=\"article:published_time\" content=\"2018-06-13T09:00:35+00:00\" \/>\n<meta property=\"article:modified_time\" content=\"2018-06-14T08:10:17+00:00\" \/>\n<meta property=\"og:image\" content=\"https:\/\/www.bufetgambus.com\/wp-content\/uploads\/2018\/06\/Impuesto-Digital.jpg\" \/>\n\t<meta property=\"og:image:width\" content=\"4288\" \/>\n\t<meta property=\"og:image:height\" content=\"2848\" \/>\n\t<meta property=\"og:image:type\" content=\"image\/jpeg\" \/>\n<meta name=\"author\" content=\"Luzneyla\" \/>\n<meta name=\"twitter:card\" content=\"summary_large_image\" \/>\n<meta name=\"twitter:label1\" content=\"Escrito por\" \/>\n\t<meta name=\"twitter:data1\" content=\"Luzneyla\" \/>\n\t<meta name=\"twitter:label2\" content=\"Tiempo de lectura\" \/>\n\t<meta name=\"twitter:data2\" content=\"3 minutos\" \/>\n<script type=\"application\/ld+json\" class=\"yoast-schema-graph\">{\"@context\":\"https:\/\/schema.org\",\"@graph\":[{\"@type\":\"Article\",\"@id\":\"https:\/\/www.bufetgambus.com\/es\/nueva-area-tributacion-impuesto-digital\/#article\",\"isPartOf\":{\"@id\":\"https:\/\/www.bufetgambus.com\/es\/nueva-area-tributacion-impuesto-digital\/\"},\"author\":{\"name\":\"Luzneyla\",\"@id\":\"https:\/\/www.bufetgambus.com\/#\/schema\/person\/cace25d8f22675c0115f46590b3fe563\"},\"headline\":\"Nueva \u00e1rea de tributaci\u00f3n: el impuesto digital\",\"datePublished\":\"2018-06-13T09:00:35+00:00\",\"dateModified\":\"2018-06-14T08:10:17+00:00\",\"mainEntityOfPage\":{\"@id\":\"https:\/\/www.bufetgambus.com\/es\/nueva-area-tributacion-impuesto-digital\/\"},\"wordCount\":543,\"commentCount\":0,\"publisher\":{\"@id\":\"https:\/\/www.bufetgambus.com\/#organization\"},\"keywords\":[\"Empresas Digitales\",\"Impuesto Digital\",\"Tributaci\u00f3n\",\"Uni\u00f3n Europea\"],\"articleSection\":[\"Actualidad\",\"Derecho fiscal\"],\"inLanguage\":\"es\",\"potentialAction\":[{\"@type\":\"CommentAction\",\"name\":\"Comment\",\"target\":[\"https:\/\/www.bufetgambus.com\/es\/nueva-area-tributacion-impuesto-digital\/#respond\"]}]},{\"@type\":\"WebPage\",\"@id\":\"https:\/\/www.bufetgambus.com\/es\/nueva-area-tributacion-impuesto-digital\/\",\"url\":\"https:\/\/www.bufetgambus.com\/es\/nueva-area-tributacion-impuesto-digital\/\",\"name\":\"Nueva \u00e1rea de tributaci\u00f3n: el impuesto digital | Bufet Gambus - Advocats i Economistes\",\"isPartOf\":{\"@id\":\"https:\/\/www.bufetgambus.com\/#website\"},\"datePublished\":\"2018-06-13T09:00:35+00:00\",\"dateModified\":\"2018-06-14T08:10:17+00:00\",\"description\":\"Bufet Gamb\u00fas es un bufete de abogados situado en la ciudad de Barcelona. En este art\u00edculo hablaremos sobre la implementaci\u00f3n del nuevo impuesto digital.\",\"breadcrumb\":{\"@id\":\"https:\/\/www.bufetgambus.com\/es\/nueva-area-tributacion-impuesto-digital\/#breadcrumb\"},\"inLanguage\":\"es\",\"potentialAction\":[{\"@type\":\"ReadAction\",\"target\":[\"https:\/\/www.bufetgambus.com\/es\/nueva-area-tributacion-impuesto-digital\/\"]}]},{\"@type\":\"BreadcrumbList\",\"@id\":\"https:\/\/www.bufetgambus.com\/es\/nueva-area-tributacion-impuesto-digital\/#breadcrumb\",\"itemListElement\":[{\"@type\":\"ListItem\",\"position\":1,\"name\":\"Portada\",\"item\":\"https:\/\/www.bufetgambus.com\/es\/\"},{\"@type\":\"ListItem\",\"position\":2,\"name\":\"Nueva \u00e1rea de tributaci\u00f3n: el impuesto digital\"}]},{\"@type\":\"WebSite\",\"@id\":\"https:\/\/www.bufetgambus.com\/#website\",\"url\":\"https:\/\/www.bufetgambus.com\/\",\"name\":\"Bufet Gambus\",\"description\":\"\",\"publisher\":{\"@id\":\"https:\/\/www.bufetgambus.com\/#organization\"},\"potentialAction\":[{\"@type\":\"SearchAction\",\"target\":{\"@type\":\"EntryPoint\",\"urlTemplate\":\"https:\/\/www.bufetgambus.com\/?s={search_term_string}\"},\"query-input\":\"required name=search_term_string\"}],\"inLanguage\":\"es\"},{\"@type\":\"Organization\",\"@id\":\"https:\/\/www.bufetgambus.com\/#organization\",\"name\":\"Bufet Gamb\u00fas - Advocats i Economistes\",\"url\":\"https:\/\/www.bufetgambus.com\/\",\"logo\":{\"@type\":\"ImageObject\",\"inLanguage\":\"es\",\"@id\":\"https:\/\/www.bufetgambus.com\/#\/schema\/logo\/image\/\",\"url\":\"https:\/\/www.bufetgambus.com\/wp-content\/uploads\/2018\/04\/Logo-bufet-gambus-renovado.png\",\"contentUrl\":\"https:\/\/www.bufetgambus.com\/wp-content\/uploads\/2018\/04\/Logo-bufet-gambus-renovado.png\",\"width\":1200,\"height\":404,\"caption\":\"Bufet Gamb\u00fas - Advocats i Economistes\"},\"image\":{\"@id\":\"https:\/\/www.bufetgambus.com\/#\/schema\/logo\/image\/\"}},{\"@type\":\"Person\",\"@id\":\"https:\/\/www.bufetgambus.com\/#\/schema\/person\/cace25d8f22675c0115f46590b3fe563\",\"name\":\"Luzneyla\",\"image\":{\"@type\":\"ImageObject\",\"inLanguage\":\"es\",\"@id\":\"https:\/\/www.bufetgambus.com\/#\/schema\/person\/image\/\",\"url\":\"https:\/\/secure.gravatar.com\/avatar\/4869a69aa5a5f2f3d0250918aa4a98c8c9d75ca103c2546116ddfe0e8f789ef6?s=96&d=mm&r=g\",\"contentUrl\":\"https:\/\/secure.gravatar.com\/avatar\/4869a69aa5a5f2f3d0250918aa4a98c8c9d75ca103c2546116ddfe0e8f789ef6?s=96&d=mm&r=g\",\"caption\":\"Luzneyla\"}}]}<\/script>\n<!-- \/ Yoast SEO plugin. -->","yoast_head_json":{"title":"Nueva \u00e1rea de tributaci\u00f3n: el impuesto digital | Bufet Gambus - Advocats i Economistes","description":"Bufet Gamb\u00fas es un bufete de abogados situado en la ciudad de Barcelona. En este art\u00edculo hablaremos sobre la implementaci\u00f3n del nuevo impuesto digital.","robots":{"index":"index","follow":"follow","max-snippet":"max-snippet:-1","max-image-preview":"max-image-preview:large","max-video-preview":"max-video-preview:-1"},"canonical":"https:\/\/www.bufetgambus.com\/es\/nueva-area-tributacion-impuesto-digital\/","og_locale":"es_ES","og_type":"article","og_title":"Nueva \u00e1rea de tributaci\u00f3n: el impuesto digital | Bufet Gambus - Advocats i Economistes","og_description":"Bufet Gamb\u00fas es un bufete de abogados situado en la ciudad de Barcelona. En este art\u00edculo hablaremos sobre la implementaci\u00f3n del nuevo impuesto digital.","og_url":"https:\/\/www.bufetgambus.com\/es\/nueva-area-tributacion-impuesto-digital\/","og_site_name":"Bufet Gambus","article_published_time":"2018-06-13T09:00:35+00:00","article_modified_time":"2018-06-14T08:10:17+00:00","og_image":[{"width":4288,"height":2848,"url":"https:\/\/www.bufetgambus.com\/wp-content\/uploads\/2018\/06\/Impuesto-Digital.jpg","type":"image\/jpeg"}],"author":"Luzneyla","twitter_card":"summary_large_image","twitter_misc":{"Escrito por":"Luzneyla","Tiempo de lectura":"3 minutos"},"schema":{"@context":"https:\/\/schema.org","@graph":[{"@type":"Article","@id":"https:\/\/www.bufetgambus.com\/es\/nueva-area-tributacion-impuesto-digital\/#article","isPartOf":{"@id":"https:\/\/www.bufetgambus.com\/es\/nueva-area-tributacion-impuesto-digital\/"},"author":{"name":"Luzneyla","@id":"https:\/\/www.bufetgambus.com\/#\/schema\/person\/cace25d8f22675c0115f46590b3fe563"},"headline":"Nueva \u00e1rea de tributaci\u00f3n: el impuesto digital","datePublished":"2018-06-13T09:00:35+00:00","dateModified":"2018-06-14T08:10:17+00:00","mainEntityOfPage":{"@id":"https:\/\/www.bufetgambus.com\/es\/nueva-area-tributacion-impuesto-digital\/"},"wordCount":543,"commentCount":0,"publisher":{"@id":"https:\/\/www.bufetgambus.com\/#organization"},"keywords":["Empresas Digitales","Impuesto Digital","Tributaci\u00f3n","Uni\u00f3n Europea"],"articleSection":["Actualidad","Derecho fiscal"],"inLanguage":"es","potentialAction":[{"@type":"CommentAction","name":"Comment","target":["https:\/\/www.bufetgambus.com\/es\/nueva-area-tributacion-impuesto-digital\/#respond"]}]},{"@type":"WebPage","@id":"https:\/\/www.bufetgambus.com\/es\/nueva-area-tributacion-impuesto-digital\/","url":"https:\/\/www.bufetgambus.com\/es\/nueva-area-tributacion-impuesto-digital\/","name":"Nueva \u00e1rea de tributaci\u00f3n: el impuesto digital | Bufet Gambus - Advocats i Economistes","isPartOf":{"@id":"https:\/\/www.bufetgambus.com\/#website"},"datePublished":"2018-06-13T09:00:35+00:00","dateModified":"2018-06-14T08:10:17+00:00","description":"Bufet Gamb\u00fas es un bufete de abogados situado en la ciudad de Barcelona. En este art\u00edculo hablaremos sobre la implementaci\u00f3n del nuevo impuesto digital.","breadcrumb":{"@id":"https:\/\/www.bufetgambus.com\/es\/nueva-area-tributacion-impuesto-digital\/#breadcrumb"},"inLanguage":"es","potentialAction":[{"@type":"ReadAction","target":["https:\/\/www.bufetgambus.com\/es\/nueva-area-tributacion-impuesto-digital\/"]}]},{"@type":"BreadcrumbList","@id":"https:\/\/www.bufetgambus.com\/es\/nueva-area-tributacion-impuesto-digital\/#breadcrumb","itemListElement":[{"@type":"ListItem","position":1,"name":"Portada","item":"https:\/\/www.bufetgambus.com\/es\/"},{"@type":"ListItem","position":2,"name":"Nueva \u00e1rea de tributaci\u00f3n: el impuesto digital"}]},{"@type":"WebSite","@id":"https:\/\/www.bufetgambus.com\/#website","url":"https:\/\/www.bufetgambus.com\/","name":"Bufet Gambus","description":"","publisher":{"@id":"https:\/\/www.bufetgambus.com\/#organization"},"potentialAction":[{"@type":"SearchAction","target":{"@type":"EntryPoint","urlTemplate":"https:\/\/www.bufetgambus.com\/?s={search_term_string}"},"query-input":"required name=search_term_string"}],"inLanguage":"es"},{"@type":"Organization","@id":"https:\/\/www.bufetgambus.com\/#organization","name":"Bufet Gamb\u00fas - Advocats i Economistes","url":"https:\/\/www.bufetgambus.com\/","logo":{"@type":"ImageObject","inLanguage":"es","@id":"https:\/\/www.bufetgambus.com\/#\/schema\/logo\/image\/","url":"https:\/\/www.bufetgambus.com\/wp-content\/uploads\/2018\/04\/Logo-bufet-gambus-renovado.png","contentUrl":"https:\/\/www.bufetgambus.com\/wp-content\/uploads\/2018\/04\/Logo-bufet-gambus-renovado.png","width":1200,"height":404,"caption":"Bufet Gamb\u00fas - Advocats i Economistes"},"image":{"@id":"https:\/\/www.bufetgambus.com\/#\/schema\/logo\/image\/"}},{"@type":"Person","@id":"https:\/\/www.bufetgambus.com\/#\/schema\/person\/cace25d8f22675c0115f46590b3fe563","name":"Luzneyla","image":{"@type":"ImageObject","inLanguage":"es","@id":"https:\/\/www.bufetgambus.com\/#\/schema\/person\/image\/","url":"https:\/\/secure.gravatar.com\/avatar\/4869a69aa5a5f2f3d0250918aa4a98c8c9d75ca103c2546116ddfe0e8f789ef6?s=96&d=mm&r=g","contentUrl":"https:\/\/secure.gravatar.com\/avatar\/4869a69aa5a5f2f3d0250918aa4a98c8c9d75ca103c2546116ddfe0e8f789ef6?s=96&d=mm&r=g","caption":"Luzneyla"}}]}},"_links":{"self":[{"href":"https:\/\/www.bufetgambus.com\/es\/wp-json\/wp\/v2\/posts\/2901","targetHints":{"allow":["GET"]}}],"collection":[{"href":"https:\/\/www.bufetgambus.com\/es\/wp-json\/wp\/v2\/posts"}],"about":[{"href":"https:\/\/www.bufetgambus.com\/es\/wp-json\/wp\/v2\/types\/post"}],"author":[{"embeddable":true,"href":"https:\/\/www.bufetgambus.com\/es\/wp-json\/wp\/v2\/users\/5"}],"replies":[{"embeddable":true,"href":"https:\/\/www.bufetgambus.com\/es\/wp-json\/wp\/v2\/comments?post=2901"}],"version-history":[{"count":3,"href":"https:\/\/www.bufetgambus.com\/es\/wp-json\/wp\/v2\/posts\/2901\/revisions"}],"predecessor-version":[{"id":2983,"href":"https:\/\/www.bufetgambus.com\/es\/wp-json\/wp\/v2\/posts\/2901\/revisions\/2983"}],"wp:featuredmedia":[{"embeddable":true,"href":"https:\/\/www.bufetgambus.com\/es\/wp-json\/wp\/v2\/media\/2898"}],"wp:attachment":[{"href":"https:\/\/www.bufetgambus.com\/es\/wp-json\/wp\/v2\/media?parent=2901"}],"wp:term":[{"taxonomy":"category","embeddable":true,"href":"https:\/\/www.bufetgambus.com\/es\/wp-json\/wp\/v2\/categories?post=2901"},{"taxonomy":"post_tag","embeddable":true,"href":"https:\/\/www.bufetgambus.com\/es\/wp-json\/wp\/v2\/tags?post=2901"}],"curies":[{"name":"wp","href":"https:\/\/api.w.org\/{rel}","templated":true}]}}