{"id":2770,"date":"2018-05-23T16:45:17","date_gmt":"2018-05-23T14:45:17","guid":{"rendered":"http:\/\/www.bufetgambus.com\/es\/?p=2770"},"modified":"2018-07-10T11:42:51","modified_gmt":"2018-07-10T09:42:51","slug":"que-debe-antes-crear-su-propia-empresa-parte-ii","status":"publish","type":"post","link":"https:\/\/www.bufetgambus.com\/es\/que-debe-antes-crear-su-propia-empresa-parte-ii\/","title":{"rendered":"\u00bfQu\u00e9 debe saber antes de crear su empresa? (Parte II)"},"content":{"rendered":"<p><a href=\"http:\/\/www.bufetgambus.com\/\">Bufet Gamb\u00fas<\/a> es un bufete de abogados de Barcelona que cuenta con un equipo de profesionales especialistas en diferentes \u00e1reas. Le ofrecemos asesoramiento y propondremos soluciones a cualquier problema legal que pueda tener. En la anterior publicaci\u00f3n tratamos la primera parte de los pasos que deber\u00eda seguir para constituir su negocio o empresa. En el art\u00edculo de hoy continuamos donde lo dejamos y os traemos su segunda parte.<\/p>\n<p><!--more--><\/p>\n<p>Una vez realizados los pasos anteriores, deber\u00e1 pensar la forma jur\u00eddica de su empresa; analizar si la responsabilidad es limitada o ilimitada, el n\u00famero de socios con los que contar\u00e1 y su capital social.<\/p>\n<p>Por ejemplo, si se trata de una sola persona, es decir, trabajadores aut\u00f3nomos, sabr\u00e1 que\u00a0 en cuanto al capital no hay un m\u00ednimo legal establecido y, en cuanto a la responsabilidad, el aut\u00f3nomo se responsabiliza con todos sus bienes. Esta figura del aut\u00f3nomo es muy com\u00fan para negocios como comercios al por menor y por profesionales de la fontaner\u00eda (electricistas, decoradores, etc.). Hay que decir que existe una importante heterogeneidad de acuerdo a su actividad profesional y a la manera que la desempe\u00f1an (trabajadores aut\u00f3nomos, profesionales aut\u00f3nomos, empresarios aut\u00f3nomos etc.).<\/p>\n<p>Seg\u00fan la forma jur\u00eddica de su empresa, los tr\u00e1mites son diferentes. Si la hace por comunidad de bienes, el m\u00ednimo de socios son dos personas. Asimismo, se realiza la actividad empresarial en com\u00fan y pueden aportarse solo bienes (pero no puede aportarse solo dinero o trabajo), es decir, dinero y trabajo deben ir unidos. En cuanto al capital, no hay establecido un m\u00ednimo legal y cada socio se responsabiliza con todos sus bienes.<\/p>\n<p>Por el contrario, si no quiere ser aut\u00f3nomo ni \u00a0constituir una comunidad de bienes, tiene la opci\u00f3n de la sociedad de responsabilidad limitada. Con un m\u00ednimo de un socio, encontramos las sociedades unipersonales. La responsabilidad es limitada al capital aportado en la sociedad y el m\u00ednimo de capital exigido para su conformaci\u00f3n es de 3.000 euros.<\/p>\n<h2><strong>Proceso de constituci\u00f3n y tr\u00e1mites para la puesta en marcha<\/strong><\/h2>\n<p>En el caso de los aut\u00f3nomos es casi nulo, no se tendr\u00e1 que realizar ning\u00fan tr\u00e1mite de constituci\u00f3n. Los tr\u00e1mites se inician al comenzar su actividad.<\/p>\n<p>Para la comunidad de bienes, sus integrantes, los llamados socios comuneros, deber\u00e1n firmar un contrato en el que especifiquen la naturaleza de sus aportes y el porcentaje que cada comunero tiene tanto en las p\u00e9rdidas, como en las ganancias. Cada miembro de la comunidad de bienes se tendr\u00e1 que dar de alta en el censo de empresarios, profesionales y retenedores. Y, en el caso de aportes de bienes inmuebles o de derechos reales, deber\u00e1n obtener el n\u00famero de identificaci\u00f3n fiscal y, ante notario, la escritura p\u00fablica.<\/p>\n<p>Ante las consejer\u00edas de hacienda, deber\u00e1 diligenciar lo relativo al impuesto sobre trasmisiones patrimoniales y actos jur\u00eddicos documentados, y grabar la aportaci\u00f3n de bienes o de dinero en su constituci\u00f3n.<\/p>\n<p>En cuanto a los tr\u00e1mites, deber\u00e1:<\/p>\n<ul>\n<li style=\"font-size: 15px;\">Dar el alta en el censo de empresarios profesionales y retenedores en la Agencia Tributaria.<\/li>\n<li style=\"font-size: 15px;\">Impuesto sobre actividades econ\u00f3micas en la Agencia Tributaria.<\/li>\n<li style=\"font-size: 15px;\">Dar el alta en el r\u00e9gimen de trabajadores (aut\u00f3nomos y comuneros) en la tesorer\u00eda general de la seguridad social.<\/li>\n<li style=\"font-size: 15px;\">Obtener y legalizar el libro de visitas para anotar las actuaciones de la inspecci\u00f3n de trabajo.<\/li>\n<\/ul>\n<p>Asimismo, si va a contratar trabajadores, tendr\u00e1 que saber qu\u00e9 tipo de contratos tendr\u00e1n los trabajadores. Para realizar estos contratos, es necesario que cuente con la asesor\u00eda laboral.<\/p>\n<p>Con esto finalizamos la segunda parte de este art\u00edculo. Si necesita orientaci\u00f3n en contrataci\u00f3n laboral, no dude en <a href=\"http:\/\/www.bufetgambus.com\/\">consultar<\/a> con nuestros expertos. En Bufet Gamb\u00fas, tu bufete de abogados en Barcelona, te brindamos toda la asesor\u00eda necesaria para que hagas el tipo de contrato m\u00e1s adecuado a la actividad laboral.<\/p>\n","protected":false},"excerpt":{"rendered":"<p>Bufet Gamb\u00fas es un bufete de abogados de Barcelona que cuenta con un equipo de profesionales especialistas en diferentes \u00e1reas. Le ofrecemos asesoramiento y propondremos soluciones a cualquier problema legal que pueda tener. En la anterior publicaci\u00f3n tratamos la primera parte de los pasos que deber\u00eda seguir para constituir su negocio o empresa. En el [&hellip;]<\/p>\n","protected":false},"author":5,"featured_media":2766,"comment_status":"open","ping_status":"open","sticky":false,"template":"","format":"standard","meta":{"footnotes":""},"categories":[3,1],"tags":[172,173],"class_list":["post-2770","post","type-post","status-publish","format-standard","has-post-thumbnail","hentry","category-derecho-mercantil","category-sin-categoria","tag-crear-una-empresa-es","tag-iniciar-la-actividad-de-un-negocio-es"],"yoast_head":"<!-- This site is optimized with the Yoast SEO plugin v21.4 - https:\/\/yoast.com\/wordpress\/plugins\/seo\/ -->\n<title>\u00bfQu\u00e9 debe saber antes de crear su empresa? (Parte II) | Bufet Gambus - Advocats i Economistes<\/title>\n<meta name=\"description\" content=\"Bufet Gamb\u00fas es un bufete especializado en diferentes \u00e1reas. En este art\u00edculo os traemos la segunda parte de c\u00f3mo constituir su negocio o empresa.\" \/>\n<meta name=\"robots\" content=\"index, follow, max-snippet:-1, max-image-preview:large, max-video-preview:-1\" \/>\n<link rel=\"canonical\" href=\"https:\/\/www.bufetgambus.com\/es\/que-debe-antes-crear-su-propia-empresa-parte-ii\/\" \/>\n<meta property=\"og:locale\" content=\"es_ES\" \/>\n<meta property=\"og:type\" content=\"article\" \/>\n<meta property=\"og:title\" content=\"\u00bfQu\u00e9 debe saber antes de crear su empresa? (Parte II) | Bufet Gambus - Advocats i Economistes\" \/>\n<meta property=\"og:description\" content=\"Bufet Gamb\u00fas es un bufete especializado en diferentes \u00e1reas. En este art\u00edculo os traemos la segunda parte de c\u00f3mo constituir su negocio o empresa.\" \/>\n<meta property=\"og:url\" content=\"https:\/\/www.bufetgambus.com\/es\/que-debe-antes-crear-su-propia-empresa-parte-ii\/\" \/>\n<meta property=\"og:site_name\" content=\"Bufet Gambus\" \/>\n<meta property=\"article:published_time\" content=\"2018-05-23T14:45:17+00:00\" \/>\n<meta property=\"article:modified_time\" content=\"2018-07-10T09:42:51+00:00\" \/>\n<meta property=\"og:image\" content=\"https:\/\/www.bufetgambus.com\/wp-content\/uploads\/2018\/05\/C\u00f3mo-crear-tu-empresa-II.jpg\" \/>\n\t<meta property=\"og:image:width\" content=\"966\" \/>\n\t<meta property=\"og:image:height\" content=\"725\" \/>\n\t<meta property=\"og:image:type\" content=\"image\/jpeg\" \/>\n<meta name=\"author\" content=\"Luzneyla\" \/>\n<meta name=\"twitter:card\" content=\"summary_large_image\" \/>\n<meta name=\"twitter:label1\" content=\"Escrito por\" \/>\n\t<meta name=\"twitter:data1\" content=\"Luzneyla\" \/>\n\t<meta name=\"twitter:label2\" content=\"Tiempo de lectura\" \/>\n\t<meta name=\"twitter:data2\" content=\"3 minutos\" \/>\n<script type=\"application\/ld+json\" class=\"yoast-schema-graph\">{\"@context\":\"https:\/\/schema.org\",\"@graph\":[{\"@type\":\"Article\",\"@id\":\"https:\/\/www.bufetgambus.com\/es\/que-debe-antes-crear-su-propia-empresa-parte-ii\/#article\",\"isPartOf\":{\"@id\":\"https:\/\/www.bufetgambus.com\/es\/que-debe-antes-crear-su-propia-empresa-parte-ii\/\"},\"author\":{\"name\":\"Luzneyla\",\"@id\":\"https:\/\/www.bufetgambus.com\/#\/schema\/person\/cace25d8f22675c0115f46590b3fe563\"},\"headline\":\"\u00bfQu\u00e9 debe saber antes de crear su empresa? (Parte II)\",\"datePublished\":\"2018-05-23T14:45:17+00:00\",\"dateModified\":\"2018-07-10T09:42:51+00:00\",\"mainEntityOfPage\":{\"@id\":\"https:\/\/www.bufetgambus.com\/es\/que-debe-antes-crear-su-propia-empresa-parte-ii\/\"},\"wordCount\":682,\"commentCount\":0,\"publisher\":{\"@id\":\"https:\/\/www.bufetgambus.com\/#organization\"},\"keywords\":[\"crear una empresa\",\"iniciar la actividad de un negocio\"],\"articleSection\":[\"Derecho Mercantil\"],\"inLanguage\":\"es\",\"potentialAction\":[{\"@type\":\"CommentAction\",\"name\":\"Comment\",\"target\":[\"https:\/\/www.bufetgambus.com\/es\/que-debe-antes-crear-su-propia-empresa-parte-ii\/#respond\"]}]},{\"@type\":\"WebPage\",\"@id\":\"https:\/\/www.bufetgambus.com\/es\/que-debe-antes-crear-su-propia-empresa-parte-ii\/\",\"url\":\"https:\/\/www.bufetgambus.com\/es\/que-debe-antes-crear-su-propia-empresa-parte-ii\/\",\"name\":\"\u00bfQu\u00e9 debe saber antes de crear su empresa? (Parte II) | Bufet Gambus - Advocats i Economistes\",\"isPartOf\":{\"@id\":\"https:\/\/www.bufetgambus.com\/#website\"},\"datePublished\":\"2018-05-23T14:45:17+00:00\",\"dateModified\":\"2018-07-10T09:42:51+00:00\",\"description\":\"Bufet Gamb\u00fas es un bufete especializado en diferentes \u00e1reas. En este art\u00edculo os traemos la segunda parte de c\u00f3mo constituir su negocio o empresa.\",\"breadcrumb\":{\"@id\":\"https:\/\/www.bufetgambus.com\/es\/que-debe-antes-crear-su-propia-empresa-parte-ii\/#breadcrumb\"},\"inLanguage\":\"es\",\"potentialAction\":[{\"@type\":\"ReadAction\",\"target\":[\"https:\/\/www.bufetgambus.com\/es\/que-debe-antes-crear-su-propia-empresa-parte-ii\/\"]}]},{\"@type\":\"BreadcrumbList\",\"@id\":\"https:\/\/www.bufetgambus.com\/es\/que-debe-antes-crear-su-propia-empresa-parte-ii\/#breadcrumb\",\"itemListElement\":[{\"@type\":\"ListItem\",\"position\":1,\"name\":\"Portada\",\"item\":\"https:\/\/www.bufetgambus.com\/es\/\"},{\"@type\":\"ListItem\",\"position\":2,\"name\":\"\u00bfQu\u00e9 debe saber antes de crear su empresa? (Parte II)\"}]},{\"@type\":\"WebSite\",\"@id\":\"https:\/\/www.bufetgambus.com\/#website\",\"url\":\"https:\/\/www.bufetgambus.com\/\",\"name\":\"Bufet Gambus\",\"description\":\"\",\"publisher\":{\"@id\":\"https:\/\/www.bufetgambus.com\/#organization\"},\"potentialAction\":[{\"@type\":\"SearchAction\",\"target\":{\"@type\":\"EntryPoint\",\"urlTemplate\":\"https:\/\/www.bufetgambus.com\/?s={search_term_string}\"},\"query-input\":\"required name=search_term_string\"}],\"inLanguage\":\"es\"},{\"@type\":\"Organization\",\"@id\":\"https:\/\/www.bufetgambus.com\/#organization\",\"name\":\"Bufet Gamb\u00fas - Advocats i Economistes\",\"url\":\"https:\/\/www.bufetgambus.com\/\",\"logo\":{\"@type\":\"ImageObject\",\"inLanguage\":\"es\",\"@id\":\"https:\/\/www.bufetgambus.com\/#\/schema\/logo\/image\/\",\"url\":\"https:\/\/www.bufetgambus.com\/wp-content\/uploads\/2018\/04\/Logo-bufet-gambus-renovado.png\",\"contentUrl\":\"https:\/\/www.bufetgambus.com\/wp-content\/uploads\/2018\/04\/Logo-bufet-gambus-renovado.png\",\"width\":1200,\"height\":404,\"caption\":\"Bufet Gamb\u00fas - Advocats i Economistes\"},\"image\":{\"@id\":\"https:\/\/www.bufetgambus.com\/#\/schema\/logo\/image\/\"}},{\"@type\":\"Person\",\"@id\":\"https:\/\/www.bufetgambus.com\/#\/schema\/person\/cace25d8f22675c0115f46590b3fe563\",\"name\":\"Luzneyla\",\"image\":{\"@type\":\"ImageObject\",\"inLanguage\":\"es\",\"@id\":\"https:\/\/www.bufetgambus.com\/#\/schema\/person\/image\/\",\"url\":\"https:\/\/secure.gravatar.com\/avatar\/4869a69aa5a5f2f3d0250918aa4a98c8c9d75ca103c2546116ddfe0e8f789ef6?s=96&d=mm&r=g\",\"contentUrl\":\"https:\/\/secure.gravatar.com\/avatar\/4869a69aa5a5f2f3d0250918aa4a98c8c9d75ca103c2546116ddfe0e8f789ef6?s=96&d=mm&r=g\",\"caption\":\"Luzneyla\"}}]}<\/script>\n<!-- \/ Yoast SEO plugin. -->","yoast_head_json":{"title":"\u00bfQu\u00e9 debe saber antes de crear su empresa? (Parte II) | Bufet Gambus - Advocats i Economistes","description":"Bufet Gamb\u00fas es un bufete especializado en diferentes \u00e1reas. En este art\u00edculo os traemos la segunda parte de c\u00f3mo constituir su negocio o empresa.","robots":{"index":"index","follow":"follow","max-snippet":"max-snippet:-1","max-image-preview":"max-image-preview:large","max-video-preview":"max-video-preview:-1"},"canonical":"https:\/\/www.bufetgambus.com\/es\/que-debe-antes-crear-su-propia-empresa-parte-ii\/","og_locale":"es_ES","og_type":"article","og_title":"\u00bfQu\u00e9 debe saber antes de crear su empresa? (Parte II) | Bufet Gambus - Advocats i Economistes","og_description":"Bufet Gamb\u00fas es un bufete especializado en diferentes \u00e1reas. En este art\u00edculo os traemos la segunda parte de c\u00f3mo constituir su negocio o empresa.","og_url":"https:\/\/www.bufetgambus.com\/es\/que-debe-antes-crear-su-propia-empresa-parte-ii\/","og_site_name":"Bufet Gambus","article_published_time":"2018-05-23T14:45:17+00:00","article_modified_time":"2018-07-10T09:42:51+00:00","og_image":[{"width":966,"height":725,"url":"https:\/\/www.bufetgambus.com\/wp-content\/uploads\/2018\/05\/C\u00f3mo-crear-tu-empresa-II.jpg","type":"image\/jpeg"}],"author":"Luzneyla","twitter_card":"summary_large_image","twitter_misc":{"Escrito por":"Luzneyla","Tiempo de lectura":"3 minutos"},"schema":{"@context":"https:\/\/schema.org","@graph":[{"@type":"Article","@id":"https:\/\/www.bufetgambus.com\/es\/que-debe-antes-crear-su-propia-empresa-parte-ii\/#article","isPartOf":{"@id":"https:\/\/www.bufetgambus.com\/es\/que-debe-antes-crear-su-propia-empresa-parte-ii\/"},"author":{"name":"Luzneyla","@id":"https:\/\/www.bufetgambus.com\/#\/schema\/person\/cace25d8f22675c0115f46590b3fe563"},"headline":"\u00bfQu\u00e9 debe saber antes de crear su empresa? (Parte II)","datePublished":"2018-05-23T14:45:17+00:00","dateModified":"2018-07-10T09:42:51+00:00","mainEntityOfPage":{"@id":"https:\/\/www.bufetgambus.com\/es\/que-debe-antes-crear-su-propia-empresa-parte-ii\/"},"wordCount":682,"commentCount":0,"publisher":{"@id":"https:\/\/www.bufetgambus.com\/#organization"},"keywords":["crear una empresa","iniciar la actividad de un negocio"],"articleSection":["Derecho Mercantil"],"inLanguage":"es","potentialAction":[{"@type":"CommentAction","name":"Comment","target":["https:\/\/www.bufetgambus.com\/es\/que-debe-antes-crear-su-propia-empresa-parte-ii\/#respond"]}]},{"@type":"WebPage","@id":"https:\/\/www.bufetgambus.com\/es\/que-debe-antes-crear-su-propia-empresa-parte-ii\/","url":"https:\/\/www.bufetgambus.com\/es\/que-debe-antes-crear-su-propia-empresa-parte-ii\/","name":"\u00bfQu\u00e9 debe saber antes de crear su empresa? (Parte II) | Bufet Gambus - Advocats i Economistes","isPartOf":{"@id":"https:\/\/www.bufetgambus.com\/#website"},"datePublished":"2018-05-23T14:45:17+00:00","dateModified":"2018-07-10T09:42:51+00:00","description":"Bufet Gamb\u00fas es un bufete especializado en diferentes \u00e1reas. En este art\u00edculo os traemos la segunda parte de c\u00f3mo constituir su negocio o empresa.","breadcrumb":{"@id":"https:\/\/www.bufetgambus.com\/es\/que-debe-antes-crear-su-propia-empresa-parte-ii\/#breadcrumb"},"inLanguage":"es","potentialAction":[{"@type":"ReadAction","target":["https:\/\/www.bufetgambus.com\/es\/que-debe-antes-crear-su-propia-empresa-parte-ii\/"]}]},{"@type":"BreadcrumbList","@id":"https:\/\/www.bufetgambus.com\/es\/que-debe-antes-crear-su-propia-empresa-parte-ii\/#breadcrumb","itemListElement":[{"@type":"ListItem","position":1,"name":"Portada","item":"https:\/\/www.bufetgambus.com\/es\/"},{"@type":"ListItem","position":2,"name":"\u00bfQu\u00e9 debe saber antes de crear su empresa? (Parte II)"}]},{"@type":"WebSite","@id":"https:\/\/www.bufetgambus.com\/#website","url":"https:\/\/www.bufetgambus.com\/","name":"Bufet Gambus","description":"","publisher":{"@id":"https:\/\/www.bufetgambus.com\/#organization"},"potentialAction":[{"@type":"SearchAction","target":{"@type":"EntryPoint","urlTemplate":"https:\/\/www.bufetgambus.com\/?s={search_term_string}"},"query-input":"required name=search_term_string"}],"inLanguage":"es"},{"@type":"Organization","@id":"https:\/\/www.bufetgambus.com\/#organization","name":"Bufet Gamb\u00fas - Advocats i Economistes","url":"https:\/\/www.bufetgambus.com\/","logo":{"@type":"ImageObject","inLanguage":"es","@id":"https:\/\/www.bufetgambus.com\/#\/schema\/logo\/image\/","url":"https:\/\/www.bufetgambus.com\/wp-content\/uploads\/2018\/04\/Logo-bufet-gambus-renovado.png","contentUrl":"https:\/\/www.bufetgambus.com\/wp-content\/uploads\/2018\/04\/Logo-bufet-gambus-renovado.png","width":1200,"height":404,"caption":"Bufet Gamb\u00fas - Advocats i Economistes"},"image":{"@id":"https:\/\/www.bufetgambus.com\/#\/schema\/logo\/image\/"}},{"@type":"Person","@id":"https:\/\/www.bufetgambus.com\/#\/schema\/person\/cace25d8f22675c0115f46590b3fe563","name":"Luzneyla","image":{"@type":"ImageObject","inLanguage":"es","@id":"https:\/\/www.bufetgambus.com\/#\/schema\/person\/image\/","url":"https:\/\/secure.gravatar.com\/avatar\/4869a69aa5a5f2f3d0250918aa4a98c8c9d75ca103c2546116ddfe0e8f789ef6?s=96&d=mm&r=g","contentUrl":"https:\/\/secure.gravatar.com\/avatar\/4869a69aa5a5f2f3d0250918aa4a98c8c9d75ca103c2546116ddfe0e8f789ef6?s=96&d=mm&r=g","caption":"Luzneyla"}}]}},"_links":{"self":[{"href":"https:\/\/www.bufetgambus.com\/es\/wp-json\/wp\/v2\/posts\/2770","targetHints":{"allow":["GET"]}}],"collection":[{"href":"https:\/\/www.bufetgambus.com\/es\/wp-json\/wp\/v2\/posts"}],"about":[{"href":"https:\/\/www.bufetgambus.com\/es\/wp-json\/wp\/v2\/types\/post"}],"author":[{"embeddable":true,"href":"https:\/\/www.bufetgambus.com\/es\/wp-json\/wp\/v2\/users\/5"}],"replies":[{"embeddable":true,"href":"https:\/\/www.bufetgambus.com\/es\/wp-json\/wp\/v2\/comments?post=2770"}],"version-history":[{"count":5,"href":"https:\/\/www.bufetgambus.com\/es\/wp-json\/wp\/v2\/posts\/2770\/revisions"}],"predecessor-version":[{"id":3113,"href":"https:\/\/www.bufetgambus.com\/es\/wp-json\/wp\/v2\/posts\/2770\/revisions\/3113"}],"wp:featuredmedia":[{"embeddable":true,"href":"https:\/\/www.bufetgambus.com\/es\/wp-json\/wp\/v2\/media\/2766"}],"wp:attachment":[{"href":"https:\/\/www.bufetgambus.com\/es\/wp-json\/wp\/v2\/media?parent=2770"}],"wp:term":[{"taxonomy":"category","embeddable":true,"href":"https:\/\/www.bufetgambus.com\/es\/wp-json\/wp\/v2\/categories?post=2770"},{"taxonomy":"post_tag","embeddable":true,"href":"https:\/\/www.bufetgambus.com\/es\/wp-json\/wp\/v2\/tags?post=2770"}],"curies":[{"name":"wp","href":"https:\/\/api.w.org\/{rel}","templated":true}]}}