{"id":2457,"date":"2018-03-20T15:46:47","date_gmt":"2018-03-20T15:46:47","guid":{"rendered":"http:\/\/www.bufetgambus.com\/es\/?p=2457"},"modified":"2018-04-06T11:51:13","modified_gmt":"2018-04-06T09:51:13","slug":"como-afecta-la-responsabilidad-del-producto","status":"publish","type":"post","link":"https:\/\/www.bufetgambus.com\/es\/como-afecta-la-responsabilidad-del-producto\/","title":{"rendered":"Cu\u00e1ndo se aplica la responsabilidad del producto"},"content":{"rendered":"<p><span style=\"font-weight: 400;\">Bufet Gamb\u00fas tiene un equipo de abogados especialistas en \u00e1mbitos civiles, mercantiles, fiscales, econ\u00f3mico y laboral. es un bufete de abogados especialistas en \u00e1reas laborales, fiscales, <\/span><a href=\"http:\/\/www.bufetgambus.com\/area-civil\/\"><span style=\"font-weight: 400;\">civiles<\/span><\/a><span style=\"font-weight: 400;\"> y mercantiles. Como bufete queremos ofrecer toda la informaci\u00f3n que pueda resultar \u00fatil para nuestros usuarios y sus empresas. El art\u00edculo de hoy lo queremos dedicar a la <strong>responsabilidad del producto<\/strong>, ya que si no se gestiona correctamente puede ser un problema.<\/span><\/p>\n<p><!--more--><\/p>\n<h2><span style=\"font-weight: 400;\">Responsabilidad del producto<\/span><\/h2>\n<p><span style=\"font-weight: 400;\">La <strong>responsabilidad del producto<\/strong> consiste en la responsabilidad que tiene la empresa que fabrica\/distribuye el producto en el caso que causen da\u00f1os a los clientes que hayan adquirido dicho producto (lesiones, muerte, da\u00f1os materiales, etc). Se considera que un producto es defectuoso por la falta de seguridad de su utilizaci\u00f3n.<\/span><\/p>\n<p>La <strong>responsabilidad de producto<\/strong> es algo que hay que tener muy en cuenta. Por esta raz\u00f3n, la empresa debe tener mucho cuidado cuando se fabrica el producto final, si las piezas que fabrica van a ser incorporadas a otro producto o si se va a importar un producto que va estar a la venta en la UE.<\/p>\n<p>En el caso que m\u00e1s de una empresa sea responsable de la seguridad del producto, el cliente perjudicado puede actuar contra cualquiera en los tribunales.<\/p>\n<p><span style=\"font-weight: 400;\">Para aplicar la <strong>responsabilidad del producto<\/strong> se tienen que producir 3 defectos que se imponen a los fabricantes y distribuidores de dicho producto: <\/span><\/p>\n<p><span style=\"font-weight: 400;\">-Un defecto del dise\u00f1o del producto que lo hace peligroso, y adem\u00e1s exist\u00eda antes de la fabricaci\u00f3n del producto. <\/span><\/p>\n<p><span style=\"font-weight: 400;\">-En el proceso de fabricaci\u00f3n se produjo un fallo que provoc\u00f3 que el producto fuera defectuoso. <\/span><\/p>\n<p><span style=\"font-weight: 400;\">-Si en el producto no consta las instrucciones o advertencias oportunas para el uso de \u00e9ste.<\/span><\/p>\n<p><span style=\"font-weight: 400;\">De todas formas, hay casos para tener exenci\u00f3n de la <strong>responsabilidad del producto<\/strong>. Para ello, deben producirse algunos de los diferentes casos: <\/span><\/p>\n<p><span style=\"font-weight: 400;\">-La exoneraci\u00f3n puede producirse cuando el producto no se ha introducido en el mercado.<\/span><\/p>\n<p><span style=\"font-weight: 400;\">-Se puede apelar a que el defecto no estaba presente en el producto cuando se puso en circulaci\u00f3n.<\/span><\/p>\n<p><span style=\"font-weight: 400;\">-Hay exenci\u00f3n de responsabilidad si el producto en cuesti\u00f3n no hab\u00eda sido fabricado con finalidad lucrativa ni para la actividad profesional. <\/span><\/p>\n<p><span style=\"font-weight: 400;\">-Otro caso es la fabricaci\u00f3n del producto ha seguido las normas existentes y a causa de eso se ha producido el defecto.<\/span><\/p>\n<p><span style=\"font-weight: 400;\">-Si las normas y conocimientos t\u00e9cnicos y cient\u00edficos que exist\u00edan en el momento de la puesta en circulaci\u00f3n del producto no permit\u00edan la detecci\u00f3n del defecto, tambi\u00e9n hay exoneraci\u00f3n. En productos alimenticios, alimentos o medicamentos no se puede aplicar esta causa. <\/span><\/p>\n<p><span style=\"font-weight: 400;\">-Tambi\u00e9n se produce una exenci\u00f3n de la responsabilidad de producto en la situaci\u00f3n que le fabricante solo hay elaborado parte de \u00e9ste y el defecto est\u00e9 en el dise\u00f1o final.<\/span><\/p>\n<p><span style=\"font-weight: 400;\">Como empresas existen muchas obligaciones y responsabilidades que hay que considerar y tener controladas. En Bufet Gamb\u00fas te proporcionamos consejo y asesoramiento legal, <\/span><a href=\"http:\/\/www.bufetgambus.com\/\"><span style=\"font-weight: 400;\">contacta<\/span><\/a><span style=\"font-weight: 400;\"> y haremos lo posible para ayudarte.<\/span><\/p>\n","protected":false},"excerpt":{"rendered":"<p>Bufet Gamb\u00fas tiene un equipo de abogados especialistas en \u00e1mbitos civiles, mercantiles, fiscales, econ\u00f3mico y laboral. es un bufete de abogados especialistas en \u00e1reas laborales, fiscales, civiles y mercantiles. Como bufete queremos ofrecer toda la informaci\u00f3n que pueda resultar \u00fatil para nuestros usuarios y sus empresas. El art\u00edculo de hoy lo queremos dedicar a la [&hellip;]<\/p>\n","protected":false},"author":5,"featured_media":2458,"comment_status":"open","ping_status":"open","sticky":false,"template":"","format":"standard","meta":{"footnotes":""},"categories":[3],"tags":[],"class_list":["post-2457","post","type-post","status-publish","format-standard","has-post-thumbnail","hentry","category-derecho-mercantil"],"yoast_head":"<!-- This site is optimized with the Yoast SEO plugin v21.4 - https:\/\/yoast.com\/wordpress\/plugins\/seo\/ -->\n<title>Cu\u00e1ndo se aplica la responsabilidad del producto | Bufet Gamb\u00fas<\/title>\n<meta name=\"description\" content=\"El art\u00edculo de hoy lo queremos dedicar a la responsabilidad del producto, ya que si no se gestiona correctamente puede ser un problema.\" \/>\n<meta name=\"robots\" content=\"index, follow, max-snippet:-1, max-image-preview:large, max-video-preview:-1\" \/>\n<link rel=\"canonical\" href=\"https:\/\/www.bufetgambus.com\/es\/como-afecta-la-responsabilidad-del-producto\/\" \/>\n<meta property=\"og:locale\" content=\"es_ES\" \/>\n<meta property=\"og:type\" content=\"article\" \/>\n<meta property=\"og:title\" content=\"Cu\u00e1ndo se aplica la responsabilidad del producto | Bufet Gamb\u00fas\" \/>\n<meta property=\"og:description\" content=\"El art\u00edculo de hoy lo queremos dedicar a la responsabilidad del producto, ya que si no se gestiona correctamente puede ser un problema.\" \/>\n<meta property=\"og:url\" content=\"https:\/\/www.bufetgambus.com\/es\/como-afecta-la-responsabilidad-del-producto\/\" \/>\n<meta property=\"og:site_name\" content=\"Bufet Gambus\" \/>\n<meta property=\"article:published_time\" content=\"2018-03-20T15:46:47+00:00\" \/>\n<meta property=\"article:modified_time\" content=\"2018-04-06T09:51:13+00:00\" \/>\n<meta property=\"og:image\" content=\"https:\/\/www.bufetgambus.com\/wp-content\/uploads\/2018\/03\/responsabilidad-del-producto.jpg\" \/>\n\t<meta property=\"og:image:width\" content=\"700\" \/>\n\t<meta property=\"og:image:height\" content=\"460\" \/>\n\t<meta property=\"og:image:type\" content=\"image\/jpeg\" \/>\n<meta name=\"author\" content=\"Luzneyla\" \/>\n<meta name=\"twitter:card\" content=\"summary_large_image\" \/>\n<meta name=\"twitter:label1\" content=\"Escrito por\" \/>\n\t<meta name=\"twitter:data1\" content=\"Luzneyla\" \/>\n\t<meta name=\"twitter:label2\" content=\"Tiempo de lectura\" \/>\n\t<meta name=\"twitter:data2\" content=\"3 minutos\" \/>\n<script type=\"application\/ld+json\" class=\"yoast-schema-graph\">{\"@context\":\"https:\/\/schema.org\",\"@graph\":[{\"@type\":\"Article\",\"@id\":\"https:\/\/www.bufetgambus.com\/es\/como-afecta-la-responsabilidad-del-producto\/#article\",\"isPartOf\":{\"@id\":\"https:\/\/www.bufetgambus.com\/es\/como-afecta-la-responsabilidad-del-producto\/\"},\"author\":{\"name\":\"Luzneyla\",\"@id\":\"https:\/\/www.bufetgambus.com\/#\/schema\/person\/cace25d8f22675c0115f46590b3fe563\"},\"headline\":\"Cu\u00e1ndo se aplica la responsabilidad del producto\",\"datePublished\":\"2018-03-20T15:46:47+00:00\",\"dateModified\":\"2018-04-06T09:51:13+00:00\",\"mainEntityOfPage\":{\"@id\":\"https:\/\/www.bufetgambus.com\/es\/como-afecta-la-responsabilidad-del-producto\/\"},\"wordCount\":518,\"commentCount\":0,\"publisher\":{\"@id\":\"https:\/\/www.bufetgambus.com\/#organization\"},\"articleSection\":[\"Derecho Mercantil\"],\"inLanguage\":\"es\",\"potentialAction\":[{\"@type\":\"CommentAction\",\"name\":\"Comment\",\"target\":[\"https:\/\/www.bufetgambus.com\/es\/como-afecta-la-responsabilidad-del-producto\/#respond\"]}]},{\"@type\":\"WebPage\",\"@id\":\"https:\/\/www.bufetgambus.com\/es\/como-afecta-la-responsabilidad-del-producto\/\",\"url\":\"https:\/\/www.bufetgambus.com\/es\/como-afecta-la-responsabilidad-del-producto\/\",\"name\":\"Cu\u00e1ndo se aplica la responsabilidad del producto | Bufet Gamb\u00fas\",\"isPartOf\":{\"@id\":\"https:\/\/www.bufetgambus.com\/#website\"},\"datePublished\":\"2018-03-20T15:46:47+00:00\",\"dateModified\":\"2018-04-06T09:51:13+00:00\",\"description\":\"El art\u00edculo de hoy lo queremos dedicar a la responsabilidad del producto, ya que si no se gestiona correctamente puede ser un problema.\",\"breadcrumb\":{\"@id\":\"https:\/\/www.bufetgambus.com\/es\/como-afecta-la-responsabilidad-del-producto\/#breadcrumb\"},\"inLanguage\":\"es\",\"potentialAction\":[{\"@type\":\"ReadAction\",\"target\":[\"https:\/\/www.bufetgambus.com\/es\/como-afecta-la-responsabilidad-del-producto\/\"]}]},{\"@type\":\"BreadcrumbList\",\"@id\":\"https:\/\/www.bufetgambus.com\/es\/como-afecta-la-responsabilidad-del-producto\/#breadcrumb\",\"itemListElement\":[{\"@type\":\"ListItem\",\"position\":1,\"name\":\"Portada\",\"item\":\"https:\/\/www.bufetgambus.com\/es\/\"},{\"@type\":\"ListItem\",\"position\":2,\"name\":\"Cu\u00e1ndo se aplica la responsabilidad del producto\"}]},{\"@type\":\"WebSite\",\"@id\":\"https:\/\/www.bufetgambus.com\/#website\",\"url\":\"https:\/\/www.bufetgambus.com\/\",\"name\":\"Bufet Gambus\",\"description\":\"\",\"publisher\":{\"@id\":\"https:\/\/www.bufetgambus.com\/#organization\"},\"potentialAction\":[{\"@type\":\"SearchAction\",\"target\":{\"@type\":\"EntryPoint\",\"urlTemplate\":\"https:\/\/www.bufetgambus.com\/?s={search_term_string}\"},\"query-input\":\"required name=search_term_string\"}],\"inLanguage\":\"es\"},{\"@type\":\"Organization\",\"@id\":\"https:\/\/www.bufetgambus.com\/#organization\",\"name\":\"Bufet Gamb\u00fas - Advocats i Economistes\",\"url\":\"https:\/\/www.bufetgambus.com\/\",\"logo\":{\"@type\":\"ImageObject\",\"inLanguage\":\"es\",\"@id\":\"https:\/\/www.bufetgambus.com\/#\/schema\/logo\/image\/\",\"url\":\"https:\/\/www.bufetgambus.com\/wp-content\/uploads\/2018\/04\/Logo-bufet-gambus-renovado.png\",\"contentUrl\":\"https:\/\/www.bufetgambus.com\/wp-content\/uploads\/2018\/04\/Logo-bufet-gambus-renovado.png\",\"width\":1200,\"height\":404,\"caption\":\"Bufet Gamb\u00fas - Advocats i Economistes\"},\"image\":{\"@id\":\"https:\/\/www.bufetgambus.com\/#\/schema\/logo\/image\/\"}},{\"@type\":\"Person\",\"@id\":\"https:\/\/www.bufetgambus.com\/#\/schema\/person\/cace25d8f22675c0115f46590b3fe563\",\"name\":\"Luzneyla\",\"image\":{\"@type\":\"ImageObject\",\"inLanguage\":\"es\",\"@id\":\"https:\/\/www.bufetgambus.com\/#\/schema\/person\/image\/\",\"url\":\"https:\/\/secure.gravatar.com\/avatar\/4869a69aa5a5f2f3d0250918aa4a98c8c9d75ca103c2546116ddfe0e8f789ef6?s=96&d=mm&r=g\",\"contentUrl\":\"https:\/\/secure.gravatar.com\/avatar\/4869a69aa5a5f2f3d0250918aa4a98c8c9d75ca103c2546116ddfe0e8f789ef6?s=96&d=mm&r=g\",\"caption\":\"Luzneyla\"}}]}<\/script>\n<!-- \/ Yoast SEO plugin. -->","yoast_head_json":{"title":"Cu\u00e1ndo se aplica la responsabilidad del producto | Bufet Gamb\u00fas","description":"El art\u00edculo de hoy lo queremos dedicar a la responsabilidad del producto, ya que si no se gestiona correctamente puede ser un problema.","robots":{"index":"index","follow":"follow","max-snippet":"max-snippet:-1","max-image-preview":"max-image-preview:large","max-video-preview":"max-video-preview:-1"},"canonical":"https:\/\/www.bufetgambus.com\/es\/como-afecta-la-responsabilidad-del-producto\/","og_locale":"es_ES","og_type":"article","og_title":"Cu\u00e1ndo se aplica la responsabilidad del producto | Bufet Gamb\u00fas","og_description":"El art\u00edculo de hoy lo queremos dedicar a la responsabilidad del producto, ya que si no se gestiona correctamente puede ser un problema.","og_url":"https:\/\/www.bufetgambus.com\/es\/como-afecta-la-responsabilidad-del-producto\/","og_site_name":"Bufet Gambus","article_published_time":"2018-03-20T15:46:47+00:00","article_modified_time":"2018-04-06T09:51:13+00:00","og_image":[{"width":700,"height":460,"url":"https:\/\/www.bufetgambus.com\/wp-content\/uploads\/2018\/03\/responsabilidad-del-producto.jpg","type":"image\/jpeg"}],"author":"Luzneyla","twitter_card":"summary_large_image","twitter_misc":{"Escrito por":"Luzneyla","Tiempo de lectura":"3 minutos"},"schema":{"@context":"https:\/\/schema.org","@graph":[{"@type":"Article","@id":"https:\/\/www.bufetgambus.com\/es\/como-afecta-la-responsabilidad-del-producto\/#article","isPartOf":{"@id":"https:\/\/www.bufetgambus.com\/es\/como-afecta-la-responsabilidad-del-producto\/"},"author":{"name":"Luzneyla","@id":"https:\/\/www.bufetgambus.com\/#\/schema\/person\/cace25d8f22675c0115f46590b3fe563"},"headline":"Cu\u00e1ndo se aplica la responsabilidad del producto","datePublished":"2018-03-20T15:46:47+00:00","dateModified":"2018-04-06T09:51:13+00:00","mainEntityOfPage":{"@id":"https:\/\/www.bufetgambus.com\/es\/como-afecta-la-responsabilidad-del-producto\/"},"wordCount":518,"commentCount":0,"publisher":{"@id":"https:\/\/www.bufetgambus.com\/#organization"},"articleSection":["Derecho Mercantil"],"inLanguage":"es","potentialAction":[{"@type":"CommentAction","name":"Comment","target":["https:\/\/www.bufetgambus.com\/es\/como-afecta-la-responsabilidad-del-producto\/#respond"]}]},{"@type":"WebPage","@id":"https:\/\/www.bufetgambus.com\/es\/como-afecta-la-responsabilidad-del-producto\/","url":"https:\/\/www.bufetgambus.com\/es\/como-afecta-la-responsabilidad-del-producto\/","name":"Cu\u00e1ndo se aplica la responsabilidad del producto | Bufet Gamb\u00fas","isPartOf":{"@id":"https:\/\/www.bufetgambus.com\/#website"},"datePublished":"2018-03-20T15:46:47+00:00","dateModified":"2018-04-06T09:51:13+00:00","description":"El art\u00edculo de hoy lo queremos dedicar a la responsabilidad del producto, ya que si no se gestiona correctamente puede ser un problema.","breadcrumb":{"@id":"https:\/\/www.bufetgambus.com\/es\/como-afecta-la-responsabilidad-del-producto\/#breadcrumb"},"inLanguage":"es","potentialAction":[{"@type":"ReadAction","target":["https:\/\/www.bufetgambus.com\/es\/como-afecta-la-responsabilidad-del-producto\/"]}]},{"@type":"BreadcrumbList","@id":"https:\/\/www.bufetgambus.com\/es\/como-afecta-la-responsabilidad-del-producto\/#breadcrumb","itemListElement":[{"@type":"ListItem","position":1,"name":"Portada","item":"https:\/\/www.bufetgambus.com\/es\/"},{"@type":"ListItem","position":2,"name":"Cu\u00e1ndo se aplica la responsabilidad del producto"}]},{"@type":"WebSite","@id":"https:\/\/www.bufetgambus.com\/#website","url":"https:\/\/www.bufetgambus.com\/","name":"Bufet Gambus","description":"","publisher":{"@id":"https:\/\/www.bufetgambus.com\/#organization"},"potentialAction":[{"@type":"SearchAction","target":{"@type":"EntryPoint","urlTemplate":"https:\/\/www.bufetgambus.com\/?s={search_term_string}"},"query-input":"required name=search_term_string"}],"inLanguage":"es"},{"@type":"Organization","@id":"https:\/\/www.bufetgambus.com\/#organization","name":"Bufet Gamb\u00fas - Advocats i Economistes","url":"https:\/\/www.bufetgambus.com\/","logo":{"@type":"ImageObject","inLanguage":"es","@id":"https:\/\/www.bufetgambus.com\/#\/schema\/logo\/image\/","url":"https:\/\/www.bufetgambus.com\/wp-content\/uploads\/2018\/04\/Logo-bufet-gambus-renovado.png","contentUrl":"https:\/\/www.bufetgambus.com\/wp-content\/uploads\/2018\/04\/Logo-bufet-gambus-renovado.png","width":1200,"height":404,"caption":"Bufet Gamb\u00fas - Advocats i Economistes"},"image":{"@id":"https:\/\/www.bufetgambus.com\/#\/schema\/logo\/image\/"}},{"@type":"Person","@id":"https:\/\/www.bufetgambus.com\/#\/schema\/person\/cace25d8f22675c0115f46590b3fe563","name":"Luzneyla","image":{"@type":"ImageObject","inLanguage":"es","@id":"https:\/\/www.bufetgambus.com\/#\/schema\/person\/image\/","url":"https:\/\/secure.gravatar.com\/avatar\/4869a69aa5a5f2f3d0250918aa4a98c8c9d75ca103c2546116ddfe0e8f789ef6?s=96&d=mm&r=g","contentUrl":"https:\/\/secure.gravatar.com\/avatar\/4869a69aa5a5f2f3d0250918aa4a98c8c9d75ca103c2546116ddfe0e8f789ef6?s=96&d=mm&r=g","caption":"Luzneyla"}}]}},"_links":{"self":[{"href":"https:\/\/www.bufetgambus.com\/es\/wp-json\/wp\/v2\/posts\/2457","targetHints":{"allow":["GET"]}}],"collection":[{"href":"https:\/\/www.bufetgambus.com\/es\/wp-json\/wp\/v2\/posts"}],"about":[{"href":"https:\/\/www.bufetgambus.com\/es\/wp-json\/wp\/v2\/types\/post"}],"author":[{"embeddable":true,"href":"https:\/\/www.bufetgambus.com\/es\/wp-json\/wp\/v2\/users\/5"}],"replies":[{"embeddable":true,"href":"https:\/\/www.bufetgambus.com\/es\/wp-json\/wp\/v2\/comments?post=2457"}],"version-history":[{"count":2,"href":"https:\/\/www.bufetgambus.com\/es\/wp-json\/wp\/v2\/posts\/2457\/revisions"}],"predecessor-version":[{"id":2521,"href":"https:\/\/www.bufetgambus.com\/es\/wp-json\/wp\/v2\/posts\/2457\/revisions\/2521"}],"wp:featuredmedia":[{"embeddable":true,"href":"https:\/\/www.bufetgambus.com\/es\/wp-json\/wp\/v2\/media\/2458"}],"wp:attachment":[{"href":"https:\/\/www.bufetgambus.com\/es\/wp-json\/wp\/v2\/media?parent=2457"}],"wp:term":[{"taxonomy":"category","embeddable":true,"href":"https:\/\/www.bufetgambus.com\/es\/wp-json\/wp\/v2\/categories?post=2457"},{"taxonomy":"post_tag","embeddable":true,"href":"https:\/\/www.bufetgambus.com\/es\/wp-json\/wp\/v2\/tags?post=2457"}],"curies":[{"name":"wp","href":"https:\/\/api.w.org\/{rel}","templated":true}]}}