{"id":1912,"date":"2015-11-26T17:59:32","date_gmt":"2015-11-26T17:59:32","guid":{"rendered":"http:\/\/www.bufetgambus.com\/?p=1912"},"modified":"2018-06-13T17:05:14","modified_gmt":"2018-06-13T15:05:14","slug":"que-dicen-los-partidos-politicos-respecto-area-laboral","status":"publish","type":"post","link":"https:\/\/www.bufetgambus.com\/es\/que-dicen-los-partidos-politicos-respecto-area-laboral\/","title":{"rendered":"\u00bfQue dicen los partidos pol\u00edticos respecto al \u00e1rea laboral?"},"content":{"rendered":"<p>Hoy les traemos un nuevo art\u00edculo en el blog de Bufet Gamb\u00fas, su bufete de abogados y economistas de Barcelona.<\/p>\n<p>A falta de que presenten sus programas definitivos a las elecciones generales del pr\u00f3ximo diciembre, los principales partidos pol\u00edticos, han ido esbozando algunas consideraciones en\u00a0<a href=\"http:\/\/www.bufetgambus.com\/area-laboral\/\"><em><b>\u00e1rea<\/b>\u00a0<strong>laboral<\/strong><\/em><\/a>, veamos algunas:<\/p>\n<p><strong><a href=\"http:\/\/www.pp.es\/\">Partido Popular<\/a><\/strong><\/p>\n<p>Defiende el partido de gobierno<strong>, <\/strong>su propia reforma a\u00f1o 2012. Con la que reform\u00f3 el mercado laboral y seg\u00fan el gobierno estaba destinada a:<\/p>\n<p>Hacer la contrataci\u00f3n m\u00e1s \u00e1gil, con \u00e9nfasis en los j\u00f3venes y en los parados de larga duraci\u00f3n, fomentar los contratos indefinidos, minimizar el despido y crear trabajo estable y tambi\u00e9n acabar con la rigidez del mercado de trabajo.<\/p>\n<p><strong><a href=\"http:\/\/www.psoe.es\/\">Partido Socialista Obrero Espa\u00f1ol<\/a><\/strong><\/p>\n<p>Su representante \u00a0Pedro S\u00e1nchez, ha asegurado que, su intenci\u00f3n es derogar la actual reforma laboral mediante un decreto ley. Cambiar\u00eda dos puntos de la reforma del PP, uno de ellos especialmente sustancial: la negociaci\u00f3n colectiva; el otro ser\u00eda la contrataci\u00f3n: acabando con el contrato de fomento, que permit\u00eda el despido gratis durante el primer a\u00f1o, y reduciendo a solo uno, todos los tipos de contratos temporales. Se redactara un nuevo Estatuto de los Trabajadores, negociado con sindicatos y empresarios. Este partido dice que devolver\u00e1 jerarqu\u00eda y capacidad de negociaci\u00f3n a los sindicatos. En el <strong><em>\u00e1rea laboral<\/em><\/strong>, el PSOE busca combatir la temporalidad y ha propuesto ligar, los contratos realizados a los puestos de trabajo. Igualmente propone el incremento del sueldo m\u00ednimo actual elev\u00e1ndolo hasta los 1.000 euros mensuales. Prolongar la baja por paternidad de dos semanas hasta las cuatro semanas.<\/p>\n<p><!--more--><strong>Ciudadanos<\/strong><\/p>\n<p>El partido que preside Albert Rivera, en esta materia propone, derogar lo reglamentado por el partido popular y el parido socialista, crear un modelo de contrato \u00fanico y definitivo. Todo nuevo contrato ser\u00e1 indefinido, con indemnizaciones crecientes, de acuerdo a la antig\u00fcedad de los trabajadores en la empresa. La edad de jubilaci\u00f3n\u00a0 a los 65 a\u00f1os<\/p>\n<p><strong>Podemos<\/strong><\/p>\n<p>Aunque tendremos que esperar que el partido de Pablo Iglesias termine de concretar sus propuestas\u00a0 \u00a0en el programa figurar\u00e1n, algunos de estos asuntos en el <strong><em>\u00e1rea laboral<\/em><\/strong>:<\/p>\n<p>Se ideara alg\u00fan tipo de mecanismo de\u00a0renta b\u00e1sica,\u00a0para las personas que no cuenten con unos ingresos m\u00ednimos. Propone tambi\u00e9n subir el Salario M\u00ednimo Interprofesional, hasta aproximadamente 750 euros mensuales. Igualmente derogaran la actual legislaci\u00f3n laboral, proponen capacitar j\u00f3venes desempleados del sector de la construcci\u00f3n para reformar viviendas en el marco del programa de eficiencia energ\u00e9tica. Aumentar igualmente la financiaci\u00f3n de servicios sociales para generar empleo y la disminuci\u00f3n progresiva de la edad de jubilaci\u00f3n, fijada de momento en 63 a\u00f1os<\/p>\n<p><strong>Izquierda Unida\u00a0 \/ Ahora en Com\u00fan<\/strong><\/p>\n<p>Aun est\u00e1n elaborando su programa definitivo, pero seg\u00fan su candidato Alberto Garz\u00f3n, pueden deducirse las siguientes cuestiones:<\/p>\n<p>En su \u00a0propuesta principal, habla de que el Estado debe ser garante de un \u201ctrabajo garantizado\u201d, para\u00a0 cualquier persona que no halla podido encontrar empleo en lo privado o en el sector publico, y que este capacitada y dispuesta a trabajar. Propone crear un mill\u00f3n de empleos p\u00fablicos. Este plan de trabajo garantizado se ir\u00e1 complementado con la disminuci\u00f3n de la actual jornada laboral, incremento del salario m\u00ednimo hasta 1.1.00 euros y establecer un salario m\u00e1ximo. La edad de jubilaci\u00f3n en inicio 65 a\u00f1os y disminuirla hasta los 60.<\/p>\n<p>No olvide contactar sin compromiso con Bufet Gamb\u00fas, su despacho de abogados en Barcelona.<\/p>\n","protected":false},"excerpt":{"rendered":"<p>Hoy les traemos un nuevo art\u00edculo en el blog de Bufet Gamb\u00fas, su bufete de abogados y economistas de Barcelona. A falta de que presenten sus programas definitivos a las elecciones generales del pr\u00f3ximo diciembre, los principales partidos pol\u00edticos, han ido esbozando algunas consideraciones en\u00a0\u00e1rea\u00a0laboral, veamos algunas: Partido Popular Defiende el partido de gobierno, su [&hellip;]<\/p>\n","protected":false},"author":5,"featured_media":1914,"comment_status":"open","ping_status":"open","sticky":false,"template":"","format":"standard","meta":{"footnotes":""},"categories":[61,36],"tags":[72,56,59,38,39],"class_list":["post-1912","post","type-post","status-publish","format-standard","has-post-thumbnail","hentry","category-actualidad","category-derecho-laboral","tag-area","tag-elecciones","tag-estado","tag-laboral","tag-pensiones"],"yoast_head":"<!-- This site is optimized with the Yoast SEO plugin v21.4 - https:\/\/yoast.com\/wordpress\/plugins\/seo\/ -->\n<title>\u00bfQue dicen los partidos pol\u00edticos respecto al \u00e1rea laboral? | Bufet Gambus - Advocats i Economistes<\/title>\n<meta name=\"robots\" content=\"index, follow, max-snippet:-1, max-image-preview:large, max-video-preview:-1\" \/>\n<link rel=\"canonical\" href=\"https:\/\/www.bufetgambus.com\/es\/que-dicen-los-partidos-politicos-respecto-area-laboral\/\" \/>\n<meta property=\"og:locale\" content=\"es_ES\" \/>\n<meta property=\"og:type\" content=\"article\" \/>\n<meta property=\"og:title\" content=\"\u00bfQue dicen los partidos pol\u00edticos respecto al \u00e1rea laboral? | Bufet Gambus - Advocats i Economistes\" \/>\n<meta property=\"og:description\" content=\"Hoy les traemos un nuevo art\u00edculo en el blog de Bufet Gamb\u00fas, su bufete de abogados y economistas de Barcelona. A falta de que presenten sus programas definitivos a las elecciones generales del pr\u00f3ximo diciembre, los principales partidos pol\u00edticos, han ido esbozando algunas consideraciones en\u00a0\u00e1rea\u00a0laboral, veamos algunas: Partido Popular Defiende el partido de gobierno, su [&hellip;]\" \/>\n<meta property=\"og:url\" content=\"https:\/\/www.bufetgambus.com\/es\/que-dicen-los-partidos-politicos-respecto-area-laboral\/\" \/>\n<meta property=\"og:site_name\" content=\"Bufet Gambus\" \/>\n<meta property=\"article:published_time\" content=\"2015-11-26T17:59:32+00:00\" \/>\n<meta property=\"article:modified_time\" content=\"2018-06-13T15:05:14+00:00\" \/>\n<meta property=\"og:image\" content=\"https:\/\/www.bufetgambus.com\/wp-content\/uploads\/2015\/11\/26582465_m.jpg\" \/>\n\t<meta property=\"og:image:width\" content=\"848\" \/>\n\t<meta property=\"og:image:height\" content=\"565\" \/>\n\t<meta property=\"og:image:type\" content=\"image\/jpeg\" \/>\n<meta name=\"author\" content=\"Luzneyla\" \/>\n<meta name=\"twitter:card\" content=\"summary_large_image\" \/>\n<meta name=\"twitter:label1\" content=\"Escrito por\" \/>\n\t<meta name=\"twitter:data1\" content=\"Luzneyla\" \/>\n\t<meta name=\"twitter:label2\" content=\"Tiempo de lectura\" \/>\n\t<meta name=\"twitter:data2\" content=\"3 minutos\" \/>\n<script type=\"application\/ld+json\" class=\"yoast-schema-graph\">{\"@context\":\"https:\/\/schema.org\",\"@graph\":[{\"@type\":\"Article\",\"@id\":\"https:\/\/www.bufetgambus.com\/es\/que-dicen-los-partidos-politicos-respecto-area-laboral\/#article\",\"isPartOf\":{\"@id\":\"https:\/\/www.bufetgambus.com\/es\/que-dicen-los-partidos-politicos-respecto-area-laboral\/\"},\"author\":{\"name\":\"Luzneyla\",\"@id\":\"https:\/\/www.bufetgambus.com\/#\/schema\/person\/cace25d8f22675c0115f46590b3fe563\"},\"headline\":\"\u00bfQue dicen los partidos pol\u00edticos respecto al \u00e1rea laboral?\",\"datePublished\":\"2015-11-26T17:59:32+00:00\",\"dateModified\":\"2018-06-13T15:05:14+00:00\",\"mainEntityOfPage\":{\"@id\":\"https:\/\/www.bufetgambus.com\/es\/que-dicen-los-partidos-politicos-respecto-area-laboral\/\"},\"wordCount\":604,\"commentCount\":0,\"publisher\":{\"@id\":\"https:\/\/www.bufetgambus.com\/#organization\"},\"keywords\":[\"\u00e1rea\",\"elecciones\",\"Estado\",\"laboral\",\"pensiones\"],\"articleSection\":[\"Actualidad\",\"Derecho laboral\"],\"inLanguage\":\"es\",\"potentialAction\":[{\"@type\":\"CommentAction\",\"name\":\"Comment\",\"target\":[\"https:\/\/www.bufetgambus.com\/es\/que-dicen-los-partidos-politicos-respecto-area-laboral\/#respond\"]}]},{\"@type\":\"WebPage\",\"@id\":\"https:\/\/www.bufetgambus.com\/es\/que-dicen-los-partidos-politicos-respecto-area-laboral\/\",\"url\":\"https:\/\/www.bufetgambus.com\/es\/que-dicen-los-partidos-politicos-respecto-area-laboral\/\",\"name\":\"\u00bfQue dicen los partidos pol\u00edticos respecto al \u00e1rea laboral? | Bufet Gambus - Advocats i Economistes\",\"isPartOf\":{\"@id\":\"https:\/\/www.bufetgambus.com\/#website\"},\"datePublished\":\"2015-11-26T17:59:32+00:00\",\"dateModified\":\"2018-06-13T15:05:14+00:00\",\"breadcrumb\":{\"@id\":\"https:\/\/www.bufetgambus.com\/es\/que-dicen-los-partidos-politicos-respecto-area-laboral\/#breadcrumb\"},\"inLanguage\":\"es\",\"potentialAction\":[{\"@type\":\"ReadAction\",\"target\":[\"https:\/\/www.bufetgambus.com\/es\/que-dicen-los-partidos-politicos-respecto-area-laboral\/\"]}]},{\"@type\":\"BreadcrumbList\",\"@id\":\"https:\/\/www.bufetgambus.com\/es\/que-dicen-los-partidos-politicos-respecto-area-laboral\/#breadcrumb\",\"itemListElement\":[{\"@type\":\"ListItem\",\"position\":1,\"name\":\"Portada\",\"item\":\"https:\/\/www.bufetgambus.com\/es\/\"},{\"@type\":\"ListItem\",\"position\":2,\"name\":\"\u00bfQue dicen los partidos pol\u00edticos respecto al \u00e1rea laboral?\"}]},{\"@type\":\"WebSite\",\"@id\":\"https:\/\/www.bufetgambus.com\/#website\",\"url\":\"https:\/\/www.bufetgambus.com\/\",\"name\":\"Bufet Gambus\",\"description\":\"\",\"publisher\":{\"@id\":\"https:\/\/www.bufetgambus.com\/#organization\"},\"potentialAction\":[{\"@type\":\"SearchAction\",\"target\":{\"@type\":\"EntryPoint\",\"urlTemplate\":\"https:\/\/www.bufetgambus.com\/?s={search_term_string}\"},\"query-input\":\"required name=search_term_string\"}],\"inLanguage\":\"es\"},{\"@type\":\"Organization\",\"@id\":\"https:\/\/www.bufetgambus.com\/#organization\",\"name\":\"Bufet Gamb\u00fas - Advocats i Economistes\",\"url\":\"https:\/\/www.bufetgambus.com\/\",\"logo\":{\"@type\":\"ImageObject\",\"inLanguage\":\"es\",\"@id\":\"https:\/\/www.bufetgambus.com\/#\/schema\/logo\/image\/\",\"url\":\"https:\/\/www.bufetgambus.com\/wp-content\/uploads\/2018\/04\/Logo-bufet-gambus-renovado.png\",\"contentUrl\":\"https:\/\/www.bufetgambus.com\/wp-content\/uploads\/2018\/04\/Logo-bufet-gambus-renovado.png\",\"width\":1200,\"height\":404,\"caption\":\"Bufet Gamb\u00fas - Advocats i Economistes\"},\"image\":{\"@id\":\"https:\/\/www.bufetgambus.com\/#\/schema\/logo\/image\/\"}},{\"@type\":\"Person\",\"@id\":\"https:\/\/www.bufetgambus.com\/#\/schema\/person\/cace25d8f22675c0115f46590b3fe563\",\"name\":\"Luzneyla\",\"image\":{\"@type\":\"ImageObject\",\"inLanguage\":\"es\",\"@id\":\"https:\/\/www.bufetgambus.com\/#\/schema\/person\/image\/\",\"url\":\"https:\/\/secure.gravatar.com\/avatar\/4869a69aa5a5f2f3d0250918aa4a98c8c9d75ca103c2546116ddfe0e8f789ef6?s=96&d=mm&r=g\",\"contentUrl\":\"https:\/\/secure.gravatar.com\/avatar\/4869a69aa5a5f2f3d0250918aa4a98c8c9d75ca103c2546116ddfe0e8f789ef6?s=96&d=mm&r=g\",\"caption\":\"Luzneyla\"}}]}<\/script>\n<!-- \/ Yoast SEO plugin. -->","yoast_head_json":{"title":"\u00bfQue dicen los partidos pol\u00edticos respecto al \u00e1rea laboral? | Bufet Gambus - Advocats i Economistes","robots":{"index":"index","follow":"follow","max-snippet":"max-snippet:-1","max-image-preview":"max-image-preview:large","max-video-preview":"max-video-preview:-1"},"canonical":"https:\/\/www.bufetgambus.com\/es\/que-dicen-los-partidos-politicos-respecto-area-laboral\/","og_locale":"es_ES","og_type":"article","og_title":"\u00bfQue dicen los partidos pol\u00edticos respecto al \u00e1rea laboral? | Bufet Gambus - Advocats i Economistes","og_description":"Hoy les traemos un nuevo art\u00edculo en el blog de Bufet Gamb\u00fas, su bufete de abogados y economistas de Barcelona. A falta de que presenten sus programas definitivos a las elecciones generales del pr\u00f3ximo diciembre, los principales partidos pol\u00edticos, han ido esbozando algunas consideraciones en\u00a0\u00e1rea\u00a0laboral, veamos algunas: Partido Popular Defiende el partido de gobierno, su [&hellip;]","og_url":"https:\/\/www.bufetgambus.com\/es\/que-dicen-los-partidos-politicos-respecto-area-laboral\/","og_site_name":"Bufet Gambus","article_published_time":"2015-11-26T17:59:32+00:00","article_modified_time":"2018-06-13T15:05:14+00:00","og_image":[{"width":848,"height":565,"url":"https:\/\/www.bufetgambus.com\/wp-content\/uploads\/2015\/11\/26582465_m.jpg","type":"image\/jpeg"}],"author":"Luzneyla","twitter_card":"summary_large_image","twitter_misc":{"Escrito por":"Luzneyla","Tiempo de lectura":"3 minutos"},"schema":{"@context":"https:\/\/schema.org","@graph":[{"@type":"Article","@id":"https:\/\/www.bufetgambus.com\/es\/que-dicen-los-partidos-politicos-respecto-area-laboral\/#article","isPartOf":{"@id":"https:\/\/www.bufetgambus.com\/es\/que-dicen-los-partidos-politicos-respecto-area-laboral\/"},"author":{"name":"Luzneyla","@id":"https:\/\/www.bufetgambus.com\/#\/schema\/person\/cace25d8f22675c0115f46590b3fe563"},"headline":"\u00bfQue dicen los partidos pol\u00edticos respecto al \u00e1rea laboral?","datePublished":"2015-11-26T17:59:32+00:00","dateModified":"2018-06-13T15:05:14+00:00","mainEntityOfPage":{"@id":"https:\/\/www.bufetgambus.com\/es\/que-dicen-los-partidos-politicos-respecto-area-laboral\/"},"wordCount":604,"commentCount":0,"publisher":{"@id":"https:\/\/www.bufetgambus.com\/#organization"},"keywords":["\u00e1rea","elecciones","Estado","laboral","pensiones"],"articleSection":["Actualidad","Derecho laboral"],"inLanguage":"es","potentialAction":[{"@type":"CommentAction","name":"Comment","target":["https:\/\/www.bufetgambus.com\/es\/que-dicen-los-partidos-politicos-respecto-area-laboral\/#respond"]}]},{"@type":"WebPage","@id":"https:\/\/www.bufetgambus.com\/es\/que-dicen-los-partidos-politicos-respecto-area-laboral\/","url":"https:\/\/www.bufetgambus.com\/es\/que-dicen-los-partidos-politicos-respecto-area-laboral\/","name":"\u00bfQue dicen los partidos pol\u00edticos respecto al \u00e1rea laboral? | Bufet Gambus - Advocats i Economistes","isPartOf":{"@id":"https:\/\/www.bufetgambus.com\/#website"},"datePublished":"2015-11-26T17:59:32+00:00","dateModified":"2018-06-13T15:05:14+00:00","breadcrumb":{"@id":"https:\/\/www.bufetgambus.com\/es\/que-dicen-los-partidos-politicos-respecto-area-laboral\/#breadcrumb"},"inLanguage":"es","potentialAction":[{"@type":"ReadAction","target":["https:\/\/www.bufetgambus.com\/es\/que-dicen-los-partidos-politicos-respecto-area-laboral\/"]}]},{"@type":"BreadcrumbList","@id":"https:\/\/www.bufetgambus.com\/es\/que-dicen-los-partidos-politicos-respecto-area-laboral\/#breadcrumb","itemListElement":[{"@type":"ListItem","position":1,"name":"Portada","item":"https:\/\/www.bufetgambus.com\/es\/"},{"@type":"ListItem","position":2,"name":"\u00bfQue dicen los partidos pol\u00edticos respecto al \u00e1rea laboral?"}]},{"@type":"WebSite","@id":"https:\/\/www.bufetgambus.com\/#website","url":"https:\/\/www.bufetgambus.com\/","name":"Bufet Gambus","description":"","publisher":{"@id":"https:\/\/www.bufetgambus.com\/#organization"},"potentialAction":[{"@type":"SearchAction","target":{"@type":"EntryPoint","urlTemplate":"https:\/\/www.bufetgambus.com\/?s={search_term_string}"},"query-input":"required name=search_term_string"}],"inLanguage":"es"},{"@type":"Organization","@id":"https:\/\/www.bufetgambus.com\/#organization","name":"Bufet Gamb\u00fas - Advocats i Economistes","url":"https:\/\/www.bufetgambus.com\/","logo":{"@type":"ImageObject","inLanguage":"es","@id":"https:\/\/www.bufetgambus.com\/#\/schema\/logo\/image\/","url":"https:\/\/www.bufetgambus.com\/wp-content\/uploads\/2018\/04\/Logo-bufet-gambus-renovado.png","contentUrl":"https:\/\/www.bufetgambus.com\/wp-content\/uploads\/2018\/04\/Logo-bufet-gambus-renovado.png","width":1200,"height":404,"caption":"Bufet Gamb\u00fas - Advocats i Economistes"},"image":{"@id":"https:\/\/www.bufetgambus.com\/#\/schema\/logo\/image\/"}},{"@type":"Person","@id":"https:\/\/www.bufetgambus.com\/#\/schema\/person\/cace25d8f22675c0115f46590b3fe563","name":"Luzneyla","image":{"@type":"ImageObject","inLanguage":"es","@id":"https:\/\/www.bufetgambus.com\/#\/schema\/person\/image\/","url":"https:\/\/secure.gravatar.com\/avatar\/4869a69aa5a5f2f3d0250918aa4a98c8c9d75ca103c2546116ddfe0e8f789ef6?s=96&d=mm&r=g","contentUrl":"https:\/\/secure.gravatar.com\/avatar\/4869a69aa5a5f2f3d0250918aa4a98c8c9d75ca103c2546116ddfe0e8f789ef6?s=96&d=mm&r=g","caption":"Luzneyla"}}]}},"_links":{"self":[{"href":"https:\/\/www.bufetgambus.com\/es\/wp-json\/wp\/v2\/posts\/1912","targetHints":{"allow":["GET"]}}],"collection":[{"href":"https:\/\/www.bufetgambus.com\/es\/wp-json\/wp\/v2\/posts"}],"about":[{"href":"https:\/\/www.bufetgambus.com\/es\/wp-json\/wp\/v2\/types\/post"}],"author":[{"embeddable":true,"href":"https:\/\/www.bufetgambus.com\/es\/wp-json\/wp\/v2\/users\/5"}],"replies":[{"embeddable":true,"href":"https:\/\/www.bufetgambus.com\/es\/wp-json\/wp\/v2\/comments?post=1912"}],"version-history":[{"count":3,"href":"https:\/\/www.bufetgambus.com\/es\/wp-json\/wp\/v2\/posts\/1912\/revisions"}],"predecessor-version":[{"id":2969,"href":"https:\/\/www.bufetgambus.com\/es\/wp-json\/wp\/v2\/posts\/1912\/revisions\/2969"}],"wp:featuredmedia":[{"embeddable":true,"href":"https:\/\/www.bufetgambus.com\/es\/wp-json\/wp\/v2\/media\/1914"}],"wp:attachment":[{"href":"https:\/\/www.bufetgambus.com\/es\/wp-json\/wp\/v2\/media?parent=1912"}],"wp:term":[{"taxonomy":"category","embeddable":true,"href":"https:\/\/www.bufetgambus.com\/es\/wp-json\/wp\/v2\/categories?post=1912"},{"taxonomy":"post_tag","embeddable":true,"href":"https:\/\/www.bufetgambus.com\/es\/wp-json\/wp\/v2\/tags?post=1912"}],"curies":[{"name":"wp","href":"https:\/\/api.w.org\/{rel}","templated":true}]}}