{"id":3139,"date":"2018-07-25T13:00:19","date_gmt":"2018-07-25T11:00:19","guid":{"rendered":"http:\/\/www.bufetgambus.com\/en\/?p=3139"},"modified":"2018-07-25T13:01:21","modified_gmt":"2018-07-25T11:01:21","slug":"que-son-cuentas-anuales-como-hacerlas","status":"publish","type":"post","link":"https:\/\/www.bufetgambus.com\/en\/que-son-cuentas-anuales-como-hacerlas\/","title":{"rendered":"\u00bfQu\u00e9 son las cuentas anuales y c\u00f3mo hacerlas?"},"content":{"rendered":"<p>En <a href=\"http:\/\/www.bufetgambus.com\/\">Bufet Gamb\u00fas<\/a> contamos con expertos en <strong>asistencia jur\u00eddica,<\/strong> <strong>financiera <\/strong>y <strong>econ\u00f3mica.<\/strong> Somos un <strong>despacho de abogados<\/strong> y <strong>economistas<\/strong> ubicado en <strong>Barcelona. <\/strong>Si necesita asesoramiento legal, en Bufet Gamb\u00fas estaremos encantados de atender cualquier consulta. En la entrada de hoy de nuestro blog nos gustar\u00eda hablaros sobre las <strong>cuentas anuales<\/strong> y c\u00f3mo realizarlas.<\/p>\n<p><!--more--><\/p>\n<h2><strong>\u00bfQu\u00e9 son las cuentas anuales?<\/strong><\/h2>\n<p>Tal y como regula el <strong>C\u00f3digo de Comercio,<\/strong> las cuentas anuales<em> \u201ccomprender\u00e1n el balance, la cuenta de p\u00e9rdidas y ganancias, un estado que refleje los cambios en el patrimonio neto del ejercicio (ECPN), un estado de flujos de efectivo (EFE) y la memoria.\u201d <\/em>\u00c9stas son obligadas de presentar por:<\/p>\n<ul>\n<li>Sociedades An\u00f3nimas.<\/li>\n<li>Sociedades de Responsabilidad Limitada.<\/li>\n<li>Sociedades extranjeras que cuenten con sucursal en Espa\u00f1a.<\/li>\n<li>Personas con fondos de pensiones.<\/li>\n<li>Empresarios obligados a publicar sus Cuentas Anuales.<\/li>\n<li>Comanditarias por acciones o de garant\u00eda rec\u00edproca.<\/li>\n<\/ul>\n<h2><strong>\u00bfC\u00f3mo hacer las cuentas en 4 sencillos pasos?<\/strong><\/h2>\n<p>Si el ejercicio fiscal coincide con el a\u00f1o natural, el plazo para la <strong>presentaci\u00f3n del dep\u00f3sito de cuentas<\/strong> es hasta el <strong>30 de julio.<\/strong> El dep\u00f3sito de cuentas anuales es un sencillo proceso, que b\u00e1sicamente consta de 4 pasos, y debe ejecutarse posteriormente al <strong>finalizar su ejercicio contable.\u00a0<\/strong><\/p>\n<p><strong>1. Formular las cuentas anuales: <\/strong>desde la finalizaci\u00f3n del ejercicio contable, se dispone de <strong>3 meses <\/strong>para elaborar las cuentas anuales por parte de la <strong>administraci\u00f3n interna<\/strong> de la propia empresa, sin necesidad de presentarlos a ning\u00fan organismo.<\/p>\n<p><strong>2. Legalizar los libros contables:<\/strong> una vez formuladas las cuentas anuales, el siguiente paso es la legalizaci\u00f3n de los libros contables. Esto debe producirse dentro del per\u00edodo de <strong>4 meses<\/strong> desde el cierre del a\u00f1o contable, que es el m\u00e1ximo permitido (suele coincidir con el <strong>30 de abril<\/strong> si el ejercicio fiscal de la empresa coincide con el a\u00f1o natural).<\/p>\n<p><strong>3. Aprobaci\u00f3n de las cuentas anuales en la Junta General:<\/strong> la empresa debe convocar una <strong>Junta General<\/strong> donde aprobar las cuentas anuales ya legalizadas. Esta convocatoria debe producirse antes de que pasen los <strong>6 meses<\/strong> desde el cierre del ejercicio.<\/p>\n<p><strong>4. Depositar las cuentas anuales en el Registro Mercantil:<\/strong> una vez se aprueben las cuentas anuales en la Junta General, la empresa cuenta con un per\u00edodo de <strong>30 d\u00edas<\/strong> para hacer el dep\u00f3sito de las cuentas anuales en el <strong>Registro Mercantil.<\/strong><\/p>\n<p>Ten en cuenta que las cuentas anuales se pueden presentar tanto <strong>f\u00edsicamente<\/strong> como <strong>telem\u00e1ticamente.<\/strong><\/p>\n<p>Hasta aqu\u00ed llegamos con el art\u00edculo de hoy sobre qu\u00e9 son las cuentas anuales y c\u00f3mo realizarlas. Si tiene cualquier duda acerca la <strong>confecci\u00f3n y\/o el dep\u00f3sito de las cuentas anuales,<\/strong> no dude en ponerse en <a href=\"http:\/\/www.bufetgambus.com\/contacte\/\">contacto<\/a> con nosotros. En nuestro <strong>despacho de abogados<\/strong> estaremos encantados de ayudarle en lo que necesite. Recuerde que con Bufet Gamb\u00fas cuenta con un <strong>bufete de abogados en Barcelona<\/strong> especialistas en asesoramiento <strong>civil,<\/strong> <strong>mercantil, fiscal<\/strong> y <strong>laboral.<\/strong><\/p>\n","protected":false},"excerpt":{"rendered":"<p>En Bufet Gamb\u00fas contamos con expertos en asistencia jur\u00eddica, financiera y econ\u00f3mica. Somos un despacho de abogados y economistas ubicado en Barcelona. Si necesita asesoramiento legal, en Bufet Gamb\u00fas estaremos encantados de atender cualquier consulta. En la entrada de hoy de nuestro blog nos gustar\u00eda hablaros sobre las cuentas anuales y c\u00f3mo realizarlas.<\/p>\n","protected":false},"author":5,"featured_media":3133,"comment_status":"open","ping_status":"open","sticky":false,"template":"","format":"standard","meta":{"footnotes":""},"categories":[156,93,19],"tags":[290,291,292,293],"class_list":["post-3139","post","type-post","status-publish","format-standard","has-post-thumbnail","hentry","category-derecho-fiscal-en","category-derecho-mercantil-en","category-sin-categoria-en","tag-confeccion-y-deposito-de-cuentas-anuales-en","tag-cuentas-anuales-en","tag-ejercicio-contable-en","tag-registro-mercantil-en"],"yoast_head":"<!-- This site is optimized with the Yoast SEO plugin v21.4 - https:\/\/yoast.com\/wordpress\/plugins\/seo\/ -->\n<title>\u00bfQu\u00e9 son las cuentas anuales y c\u00f3mo hacerlas? | Bufet Gambus - Advocats i Economistes<\/title>\n<meta name=\"description\" content=\"Bufet Gamb\u00fas es un despacho de abogados y economistas en Barcelona. En esta entrada nos gustar\u00eda hablaros sobre las cuentas anuales y c\u00f3mo realizarlas.\" \/>\n<meta name=\"robots\" content=\"index, follow, max-snippet:-1, max-image-preview:large, max-video-preview:-1\" \/>\n<link rel=\"canonical\" href=\"https:\/\/www.bufetgambus.com\/en\/que-son-cuentas-anuales-como-hacerlas\/\" \/>\n<meta property=\"og:locale\" content=\"en_US\" \/>\n<meta property=\"og:type\" content=\"article\" \/>\n<meta property=\"og:title\" content=\"\u00bfQu\u00e9 son las cuentas anuales y c\u00f3mo hacerlas? | Bufet Gambus - Advocats i Economistes\" \/>\n<meta property=\"og:description\" content=\"Bufet Gamb\u00fas es un despacho de abogados y economistas en Barcelona. En esta entrada nos gustar\u00eda hablaros sobre las cuentas anuales y c\u00f3mo realizarlas.\" \/>\n<meta property=\"og:url\" content=\"https:\/\/www.bufetgambus.com\/en\/que-son-cuentas-anuales-como-hacerlas\/\" \/>\n<meta property=\"og:site_name\" content=\"Bufet Gambus\" \/>\n<meta property=\"article:published_time\" content=\"2018-07-25T11:00:19+00:00\" \/>\n<meta property=\"article:modified_time\" content=\"2018-07-25T11:01:21+00:00\" \/>\n<meta property=\"og:image\" content=\"https:\/\/www.bufetgambus.com\/wp-content\/uploads\/2018\/07\/Cuentas-anuales.jpg\" \/>\n\t<meta property=\"og:image:width\" content=\"1280\" \/>\n\t<meta property=\"og:image:height\" content=\"850\" \/>\n\t<meta property=\"og:image:type\" content=\"image\/jpeg\" \/>\n<meta name=\"author\" content=\"Luzneyla\" \/>\n<meta name=\"twitter:card\" content=\"summary_large_image\" \/>\n<meta name=\"twitter:label1\" content=\"Written by\" \/>\n\t<meta name=\"twitter:data1\" content=\"Luzneyla\" \/>\n\t<meta name=\"twitter:label2\" content=\"Est. reading time\" \/>\n\t<meta name=\"twitter:data2\" content=\"2 minutes\" \/>\n<script type=\"application\/ld+json\" class=\"yoast-schema-graph\">{\"@context\":\"https:\/\/schema.org\",\"@graph\":[{\"@type\":\"Article\",\"@id\":\"https:\/\/www.bufetgambus.com\/en\/que-son-cuentas-anuales-como-hacerlas\/#article\",\"isPartOf\":{\"@id\":\"https:\/\/www.bufetgambus.com\/en\/que-son-cuentas-anuales-como-hacerlas\/\"},\"author\":{\"name\":\"Luzneyla\",\"@id\":\"https:\/\/www.bufetgambus.com\/#\/schema\/person\/cace25d8f22675c0115f46590b3fe563\"},\"headline\":\"\u00bfQu\u00e9 son las cuentas anuales y c\u00f3mo hacerlas?\",\"datePublished\":\"2018-07-25T11:00:19+00:00\",\"dateModified\":\"2018-07-25T11:01:21+00:00\",\"mainEntityOfPage\":{\"@id\":\"https:\/\/www.bufetgambus.com\/en\/que-son-cuentas-anuales-como-hacerlas\/\"},\"wordCount\":498,\"commentCount\":0,\"publisher\":{\"@id\":\"https:\/\/www.bufetgambus.com\/#organization\"},\"keywords\":[\"Confecci\u00f3n y Dep\u00f3sito de Cuentas Anuales\",\"Cuentas Anuales\",\"Ejercicio Contable\",\"Registro Mercantil\"],\"articleSection\":[\"Derecho fiscal\",\"Derecho Mercantil\",\"Sin categor\u00eda\"],\"inLanguage\":\"en-US\",\"potentialAction\":[{\"@type\":\"CommentAction\",\"name\":\"Comment\",\"target\":[\"https:\/\/www.bufetgambus.com\/en\/que-son-cuentas-anuales-como-hacerlas\/#respond\"]}]},{\"@type\":\"WebPage\",\"@id\":\"https:\/\/www.bufetgambus.com\/en\/que-son-cuentas-anuales-como-hacerlas\/\",\"url\":\"https:\/\/www.bufetgambus.com\/en\/que-son-cuentas-anuales-como-hacerlas\/\",\"name\":\"\u00bfQu\u00e9 son las cuentas anuales y c\u00f3mo hacerlas? | Bufet Gambus - Advocats i Economistes\",\"isPartOf\":{\"@id\":\"https:\/\/www.bufetgambus.com\/#website\"},\"datePublished\":\"2018-07-25T11:00:19+00:00\",\"dateModified\":\"2018-07-25T11:01:21+00:00\",\"description\":\"Bufet Gamb\u00fas es un despacho de abogados y economistas en Barcelona. En esta entrada nos gustar\u00eda hablaros sobre las cuentas anuales y c\u00f3mo realizarlas.\",\"breadcrumb\":{\"@id\":\"https:\/\/www.bufetgambus.com\/en\/que-son-cuentas-anuales-como-hacerlas\/#breadcrumb\"},\"inLanguage\":\"en-US\",\"potentialAction\":[{\"@type\":\"ReadAction\",\"target\":[\"https:\/\/www.bufetgambus.com\/en\/que-son-cuentas-anuales-como-hacerlas\/\"]}]},{\"@type\":\"BreadcrumbList\",\"@id\":\"https:\/\/www.bufetgambus.com\/en\/que-son-cuentas-anuales-como-hacerlas\/#breadcrumb\",\"itemListElement\":[{\"@type\":\"ListItem\",\"position\":1,\"name\":\"Portada\",\"item\":\"https:\/\/www.bufetgambus.com\/en\/\"},{\"@type\":\"ListItem\",\"position\":2,\"name\":\"\u00bfQu\u00e9 son las cuentas anuales y c\u00f3mo hacerlas?\"}]},{\"@type\":\"WebSite\",\"@id\":\"https:\/\/www.bufetgambus.com\/#website\",\"url\":\"https:\/\/www.bufetgambus.com\/\",\"name\":\"Bufet Gambus\",\"description\":\"\",\"publisher\":{\"@id\":\"https:\/\/www.bufetgambus.com\/#organization\"},\"potentialAction\":[{\"@type\":\"SearchAction\",\"target\":{\"@type\":\"EntryPoint\",\"urlTemplate\":\"https:\/\/www.bufetgambus.com\/?s={search_term_string}\"},\"query-input\":\"required name=search_term_string\"}],\"inLanguage\":\"en-US\"},{\"@type\":\"Organization\",\"@id\":\"https:\/\/www.bufetgambus.com\/#organization\",\"name\":\"Bufet Gamb\u00fas - Advocats i Economistes\",\"url\":\"https:\/\/www.bufetgambus.com\/\",\"logo\":{\"@type\":\"ImageObject\",\"inLanguage\":\"en-US\",\"@id\":\"https:\/\/www.bufetgambus.com\/#\/schema\/logo\/image\/\",\"url\":\"https:\/\/www.bufetgambus.com\/wp-content\/uploads\/2018\/04\/Logo-bufet-gambus-renovado.png\",\"contentUrl\":\"https:\/\/www.bufetgambus.com\/wp-content\/uploads\/2018\/04\/Logo-bufet-gambus-renovado.png\",\"width\":1200,\"height\":404,\"caption\":\"Bufet Gamb\u00fas - Advocats i Economistes\"},\"image\":{\"@id\":\"https:\/\/www.bufetgambus.com\/#\/schema\/logo\/image\/\"}},{\"@type\":\"Person\",\"@id\":\"https:\/\/www.bufetgambus.com\/#\/schema\/person\/cace25d8f22675c0115f46590b3fe563\",\"name\":\"Luzneyla\",\"image\":{\"@type\":\"ImageObject\",\"inLanguage\":\"en-US\",\"@id\":\"https:\/\/www.bufetgambus.com\/#\/schema\/person\/image\/\",\"url\":\"https:\/\/secure.gravatar.com\/avatar\/4869a69aa5a5f2f3d0250918aa4a98c8c9d75ca103c2546116ddfe0e8f789ef6?s=96&d=mm&r=g\",\"contentUrl\":\"https:\/\/secure.gravatar.com\/avatar\/4869a69aa5a5f2f3d0250918aa4a98c8c9d75ca103c2546116ddfe0e8f789ef6?s=96&d=mm&r=g\",\"caption\":\"Luzneyla\"}}]}<\/script>\n<!-- \/ Yoast SEO plugin. -->","yoast_head_json":{"title":"\u00bfQu\u00e9 son las cuentas anuales y c\u00f3mo hacerlas? | Bufet Gambus - Advocats i Economistes","description":"Bufet Gamb\u00fas es un despacho de abogados y economistas en Barcelona. En esta entrada nos gustar\u00eda hablaros sobre las cuentas anuales y c\u00f3mo realizarlas.","robots":{"index":"index","follow":"follow","max-snippet":"max-snippet:-1","max-image-preview":"max-image-preview:large","max-video-preview":"max-video-preview:-1"},"canonical":"https:\/\/www.bufetgambus.com\/en\/que-son-cuentas-anuales-como-hacerlas\/","og_locale":"en_US","og_type":"article","og_title":"\u00bfQu\u00e9 son las cuentas anuales y c\u00f3mo hacerlas? | Bufet Gambus - Advocats i Economistes","og_description":"Bufet Gamb\u00fas es un despacho de abogados y economistas en Barcelona. En esta entrada nos gustar\u00eda hablaros sobre las cuentas anuales y c\u00f3mo realizarlas.","og_url":"https:\/\/www.bufetgambus.com\/en\/que-son-cuentas-anuales-como-hacerlas\/","og_site_name":"Bufet Gambus","article_published_time":"2018-07-25T11:00:19+00:00","article_modified_time":"2018-07-25T11:01:21+00:00","og_image":[{"width":1280,"height":850,"url":"https:\/\/www.bufetgambus.com\/wp-content\/uploads\/2018\/07\/Cuentas-anuales.jpg","type":"image\/jpeg"}],"author":"Luzneyla","twitter_card":"summary_large_image","twitter_misc":{"Written by":"Luzneyla","Est. reading time":"2 minutes"},"schema":{"@context":"https:\/\/schema.org","@graph":[{"@type":"Article","@id":"https:\/\/www.bufetgambus.com\/en\/que-son-cuentas-anuales-como-hacerlas\/#article","isPartOf":{"@id":"https:\/\/www.bufetgambus.com\/en\/que-son-cuentas-anuales-como-hacerlas\/"},"author":{"name":"Luzneyla","@id":"https:\/\/www.bufetgambus.com\/#\/schema\/person\/cace25d8f22675c0115f46590b3fe563"},"headline":"\u00bfQu\u00e9 son las cuentas anuales y c\u00f3mo hacerlas?","datePublished":"2018-07-25T11:00:19+00:00","dateModified":"2018-07-25T11:01:21+00:00","mainEntityOfPage":{"@id":"https:\/\/www.bufetgambus.com\/en\/que-son-cuentas-anuales-como-hacerlas\/"},"wordCount":498,"commentCount":0,"publisher":{"@id":"https:\/\/www.bufetgambus.com\/#organization"},"keywords":["Confecci\u00f3n y Dep\u00f3sito de Cuentas Anuales","Cuentas Anuales","Ejercicio Contable","Registro Mercantil"],"articleSection":["Derecho fiscal","Derecho Mercantil","Sin categor\u00eda"],"inLanguage":"en-US","potentialAction":[{"@type":"CommentAction","name":"Comment","target":["https:\/\/www.bufetgambus.com\/en\/que-son-cuentas-anuales-como-hacerlas\/#respond"]}]},{"@type":"WebPage","@id":"https:\/\/www.bufetgambus.com\/en\/que-son-cuentas-anuales-como-hacerlas\/","url":"https:\/\/www.bufetgambus.com\/en\/que-son-cuentas-anuales-como-hacerlas\/","name":"\u00bfQu\u00e9 son las cuentas anuales y c\u00f3mo hacerlas? | Bufet Gambus - Advocats i Economistes","isPartOf":{"@id":"https:\/\/www.bufetgambus.com\/#website"},"datePublished":"2018-07-25T11:00:19+00:00","dateModified":"2018-07-25T11:01:21+00:00","description":"Bufet Gamb\u00fas es un despacho de abogados y economistas en Barcelona. En esta entrada nos gustar\u00eda hablaros sobre las cuentas anuales y c\u00f3mo realizarlas.","breadcrumb":{"@id":"https:\/\/www.bufetgambus.com\/en\/que-son-cuentas-anuales-como-hacerlas\/#breadcrumb"},"inLanguage":"en-US","potentialAction":[{"@type":"ReadAction","target":["https:\/\/www.bufetgambus.com\/en\/que-son-cuentas-anuales-como-hacerlas\/"]}]},{"@type":"BreadcrumbList","@id":"https:\/\/www.bufetgambus.com\/en\/que-son-cuentas-anuales-como-hacerlas\/#breadcrumb","itemListElement":[{"@type":"ListItem","position":1,"name":"Portada","item":"https:\/\/www.bufetgambus.com\/en\/"},{"@type":"ListItem","position":2,"name":"\u00bfQu\u00e9 son las cuentas anuales y c\u00f3mo hacerlas?"}]},{"@type":"WebSite","@id":"https:\/\/www.bufetgambus.com\/#website","url":"https:\/\/www.bufetgambus.com\/","name":"Bufet Gambus","description":"","publisher":{"@id":"https:\/\/www.bufetgambus.com\/#organization"},"potentialAction":[{"@type":"SearchAction","target":{"@type":"EntryPoint","urlTemplate":"https:\/\/www.bufetgambus.com\/?s={search_term_string}"},"query-input":"required name=search_term_string"}],"inLanguage":"en-US"},{"@type":"Organization","@id":"https:\/\/www.bufetgambus.com\/#organization","name":"Bufet Gamb\u00fas - Advocats i Economistes","url":"https:\/\/www.bufetgambus.com\/","logo":{"@type":"ImageObject","inLanguage":"en-US","@id":"https:\/\/www.bufetgambus.com\/#\/schema\/logo\/image\/","url":"https:\/\/www.bufetgambus.com\/wp-content\/uploads\/2018\/04\/Logo-bufet-gambus-renovado.png","contentUrl":"https:\/\/www.bufetgambus.com\/wp-content\/uploads\/2018\/04\/Logo-bufet-gambus-renovado.png","width":1200,"height":404,"caption":"Bufet Gamb\u00fas - Advocats i Economistes"},"image":{"@id":"https:\/\/www.bufetgambus.com\/#\/schema\/logo\/image\/"}},{"@type":"Person","@id":"https:\/\/www.bufetgambus.com\/#\/schema\/person\/cace25d8f22675c0115f46590b3fe563","name":"Luzneyla","image":{"@type":"ImageObject","inLanguage":"en-US","@id":"https:\/\/www.bufetgambus.com\/#\/schema\/person\/image\/","url":"https:\/\/secure.gravatar.com\/avatar\/4869a69aa5a5f2f3d0250918aa4a98c8c9d75ca103c2546116ddfe0e8f789ef6?s=96&d=mm&r=g","contentUrl":"https:\/\/secure.gravatar.com\/avatar\/4869a69aa5a5f2f3d0250918aa4a98c8c9d75ca103c2546116ddfe0e8f789ef6?s=96&d=mm&r=g","caption":"Luzneyla"}}]}},"_links":{"self":[{"href":"https:\/\/www.bufetgambus.com\/en\/wp-json\/wp\/v2\/posts\/3139","targetHints":{"allow":["GET"]}}],"collection":[{"href":"https:\/\/www.bufetgambus.com\/en\/wp-json\/wp\/v2\/posts"}],"about":[{"href":"https:\/\/www.bufetgambus.com\/en\/wp-json\/wp\/v2\/types\/post"}],"author":[{"embeddable":true,"href":"https:\/\/www.bufetgambus.com\/en\/wp-json\/wp\/v2\/users\/5"}],"replies":[{"embeddable":true,"href":"https:\/\/www.bufetgambus.com\/en\/wp-json\/wp\/v2\/comments?post=3139"}],"version-history":[{"count":1,"href":"https:\/\/www.bufetgambus.com\/en\/wp-json\/wp\/v2\/posts\/3139\/revisions"}],"predecessor-version":[{"id":3141,"href":"https:\/\/www.bufetgambus.com\/en\/wp-json\/wp\/v2\/posts\/3139\/revisions\/3141"}],"wp:featuredmedia":[{"embeddable":true,"href":"https:\/\/www.bufetgambus.com\/en\/wp-json\/wp\/v2\/media\/3133"}],"wp:attachment":[{"href":"https:\/\/www.bufetgambus.com\/en\/wp-json\/wp\/v2\/media?parent=3139"}],"wp:term":[{"taxonomy":"category","embeddable":true,"href":"https:\/\/www.bufetgambus.com\/en\/wp-json\/wp\/v2\/categories?post=3139"},{"taxonomy":"post_tag","embeddable":true,"href":"https:\/\/www.bufetgambus.com\/en\/wp-json\/wp\/v2\/tags?post=3139"}],"curies":[{"name":"wp","href":"https:\/\/api.w.org\/{rel}","templated":true}]}}