{"id":3087,"date":"2018-07-11T11:00:02","date_gmt":"2018-07-11T09:00:02","guid":{"rendered":"http:\/\/www.bufetgambus.com\/en\/?p=3087"},"modified":"2018-07-11T11:00:19","modified_gmt":"2018-07-11T09:00:19","slug":"estres-termico-importancia-trabajo-pii","status":"publish","type":"post","link":"https:\/\/www.bufetgambus.com\/en\/estres-termico-importancia-trabajo-pii\/","title":{"rendered":"Estr\u00e9s t\u00e9rmico: su importancia en el trabajo (Parte II)"},"content":{"rendered":"<p><a href=\"http:\/\/www.bufetgambus.com\/\">Bufet Gamb\u00fas<\/a> es un<strong> despacho\u00a0de abogados<\/strong> y <strong>economistas en Barcelona<\/strong>. Si necesita <strong>asistencia jur\u00eddica, econ\u00f3mica<\/strong> o <strong>financiera,<\/strong> nuestro <strong>bufete\u00a0de abogados en Barcelona<\/strong> estar\u00e1 encantado de ayudarle. En el art\u00edculo de la semana pasada os contamos en qu\u00e9 consist\u00eda el estr\u00e9s t\u00e9rmico, c\u00f3mo pod\u00eda ocasionarse y cu\u00e1les eran los factores que interven\u00edan en el confort t\u00e9rmico. En esta publicaci\u00f3n continuamos donde lo dejamos y os traemos su segunda parte.<\/p>\n<p><!--more--><\/p>\n<h2><strong>\u00bfPor qu\u00e9 es tan importante incluir este riesgo en el Plan de Prevenci\u00f3n?<\/strong><\/h2>\n<p>Muchas veces las causas del estr\u00e9s t\u00e9rmico son f\u00e1cilmente reconocibles y se pueden evitar, pero en otras circunstancias el estr\u00e9s t\u00e9rmico por calor o por fr\u00edo\u00a0puede pasar inadvertido y <strong>producir graves da\u00f1os a la salud<\/strong> de los individuos.<\/p>\n<p>Por\u00a0 esta raz\u00f3n, se requiere incluir este riesgo en el <strong>Plan de Prevenci\u00f3n<\/strong> de las empresas. El enfoque preventivo permitir\u00e1 que las organizaciones puedan afrontar la dificultad \u201ccon prevenci\u00f3n\u201d.<\/p>\n<h2><strong>\u00bfQu\u00e9 medidas se podr\u00edan tomar para evitar el estr\u00e9s t\u00e9rmico?<\/strong><\/h2>\n<p>He aqu\u00ed algunas medidas para prevenir el estr\u00e9s t\u00e9rmico en los lugares de trabajo:<\/p>\n<ul>\n<li style=\"font-size: 15px\">Intentar logar un ambiente de trabajo lo m\u00e1s fresco y seco posible.<\/li>\n<li style=\"font-size: 15px\">Disminuir en la medida de lo posible la intensidad del trabajo en las horas de mayor insolaci\u00f3n (en torno al mediod\u00eda), y hacer descansos peri\u00f3dicos.<\/li>\n<li style=\"font-size: 15px\">Usar ropa lo m\u00e1s fresca posible.<\/li>\n<li style=\"font-size: 15px\">Beber agua fresca (12\u00ba C) de forma frecuente y en peque\u00f1as cantidades.<\/li>\n<\/ul>\n<p>Los trabajadores que laboren sometidos a estr\u00e9s t\u00e9rmico no deber\u00edan de <strong>padecer problemas de salud <\/strong>que potenciasen el riesgo (problemas cardiocirculatorios, exceso de peso, edad avanzada, ingesta de alcohol o medicaci\u00f3n contraindicada, entre otros).<\/p>\n<p>Las empresas deben <strong>conocer los s\u00edntomas<\/strong> que sufren los trabajadores estresados por el calor, sobre todo en el verano cuando estos s\u00edntomas son tan comunes, para as\u00ed poder tomar las <strong>medidas oportunas.<\/strong><\/p>\n<p>\u00c9stos pueden presentar aceleraci\u00f3n del pulso card\u00edaco, aumento de la temperatura corporal (que en algunos casos puede llegar hasta los 42\u00ba C) fatiga, nauseas, mareos y malestar general, calambres y una piel caliente y seca.<\/p>\n<p>Con esto damos por finalizada la segunda entrega del art\u00edculo. Esperamos que le haya sido de inter\u00e9s. Recuerde que Bufet Gamb\u00fas es su <strong>bufete de abogados en Barcelona.<\/strong> Si necesita asesoramiento en <strong>prevenci\u00f3n de riesgos laborales,<\/strong> nosotros\u00a0le ayudaremos encantados<strong>.<\/strong> No dude en <a href=\"http:\/\/www.bufetgambus.com\/contacte\/\">consultarnos<\/a>, nuestro <strong>despacho de abogados <\/strong>atender\u00e1 sus cuestiones y le ofrecer\u00e1 las mejores soluciones en gesti\u00f3n de <strong>recursos humanos.<\/strong><\/p>\n","protected":false},"excerpt":{"rendered":"<p>Bufet Gamb\u00fas es un despacho\u00a0de abogados y economistas en Barcelona. Si necesita asistencia jur\u00eddica, econ\u00f3mica o financiera, nuestro bufete\u00a0de abogados en Barcelona estar\u00e1 encantado de ayudarle. En el art\u00edculo de la semana pasada os contamos en qu\u00e9 consist\u00eda el estr\u00e9s t\u00e9rmico, c\u00f3mo pod\u00eda ocasionarse y cu\u00e1les eran los factores que interven\u00edan en el confort t\u00e9rmico. [&hellip;]<\/p>\n","protected":false},"author":5,"featured_media":3082,"comment_status":"open","ping_status":"open","sticky":false,"template":"","format":"standard","meta":{"footnotes":""},"categories":[98,97,19],"tags":[261,262,263,272,264,265],"class_list":["post-3087","post","type-post","status-publish","format-standard","has-post-thumbnail","hentry","category-actualidad-en","category-derecho-laboral-en","category-sin-categoria-en","tag-confort-termico-en","tag-estres-termico-en","tag-medidas-preventivas-en","tag-plan-de-prevencion-en","tag-prevencion-riesgos-laborales-en","tag-rr-hh-en"],"yoast_head":"<!-- This site is optimized with the Yoast SEO plugin v21.4 - https:\/\/yoast.com\/wordpress\/plugins\/seo\/ -->\n<title>Estr\u00e9s t\u00e9rmico: su importancia en el trabajo (Parte II) | Bufet Gambus - Advocats i Economistes<\/title>\n<meta name=\"description\" content=\"Bufet Gamb\u00fas es un despacho de abogados y economistas en Barcelona. En la entrada de hoy os traemos la segunda parte del art\u00edculo sobre el estr\u00e9s t\u00e9rmico.\" \/>\n<meta name=\"robots\" content=\"index, follow, max-snippet:-1, max-image-preview:large, max-video-preview:-1\" \/>\n<link rel=\"canonical\" href=\"https:\/\/www.bufetgambus.com\/en\/estres-termico-importancia-trabajo-pii\/\" \/>\n<meta property=\"og:locale\" content=\"en_US\" \/>\n<meta property=\"og:type\" content=\"article\" \/>\n<meta property=\"og:title\" content=\"Estr\u00e9s t\u00e9rmico: su importancia en el trabajo (Parte II) | Bufet Gambus - Advocats i Economistes\" \/>\n<meta property=\"og:description\" content=\"Bufet Gamb\u00fas es un despacho de abogados y economistas en Barcelona. En la entrada de hoy os traemos la segunda parte del art\u00edculo sobre el estr\u00e9s t\u00e9rmico.\" \/>\n<meta property=\"og:url\" content=\"https:\/\/www.bufetgambus.com\/en\/estres-termico-importancia-trabajo-pii\/\" \/>\n<meta property=\"og:site_name\" content=\"Bufet Gambus\" \/>\n<meta property=\"article:published_time\" content=\"2018-07-11T09:00:02+00:00\" \/>\n<meta property=\"article:modified_time\" content=\"2018-07-11T09:00:19+00:00\" \/>\n<meta property=\"og:image\" content=\"https:\/\/www.bufetgambus.com\/wp-content\/uploads\/2018\/07\/Estr\u00e9s-t\u00e9rmico-2.jpg\" \/>\n\t<meta property=\"og:image:width\" content=\"1207\" \/>\n\t<meta property=\"og:image:height\" content=\"665\" \/>\n\t<meta property=\"og:image:type\" content=\"image\/jpeg\" \/>\n<meta name=\"author\" content=\"Luzneyla\" \/>\n<meta name=\"twitter:card\" content=\"summary_large_image\" \/>\n<meta name=\"twitter:label1\" content=\"Written by\" \/>\n\t<meta name=\"twitter:data1\" content=\"Luzneyla\" \/>\n\t<meta name=\"twitter:label2\" content=\"Est. reading time\" \/>\n\t<meta name=\"twitter:data2\" content=\"2 minutes\" \/>\n<script type=\"application\/ld+json\" class=\"yoast-schema-graph\">{\"@context\":\"https:\/\/schema.org\",\"@graph\":[{\"@type\":\"Article\",\"@id\":\"https:\/\/www.bufetgambus.com\/en\/estres-termico-importancia-trabajo-pii\/#article\",\"isPartOf\":{\"@id\":\"https:\/\/www.bufetgambus.com\/en\/estres-termico-importancia-trabajo-pii\/\"},\"author\":{\"name\":\"Luzneyla\",\"@id\":\"https:\/\/www.bufetgambus.com\/#\/schema\/person\/cace25d8f22675c0115f46590b3fe563\"},\"headline\":\"Estr\u00e9s t\u00e9rmico: su importancia en el trabajo (Parte II)\",\"datePublished\":\"2018-07-11T09:00:02+00:00\",\"dateModified\":\"2018-07-11T09:00:19+00:00\",\"mainEntityOfPage\":{\"@id\":\"https:\/\/www.bufetgambus.com\/en\/estres-termico-importancia-trabajo-pii\/\"},\"wordCount\":450,\"commentCount\":0,\"publisher\":{\"@id\":\"https:\/\/www.bufetgambus.com\/#organization\"},\"keywords\":[\"Confort T\u00e9rmico\",\"Estr\u00e9s T\u00e9rmico\",\"Medidas Preventivas\",\"Plan de Prevenci\u00f3n\",\"Prevenci\u00f3n Riesgos Laborales\",\"RR.HH.\"],\"articleSection\":[\"Actualidad\",\"Derecho laboral\",\"Sin categor\u00eda\"],\"inLanguage\":\"en-US\",\"potentialAction\":[{\"@type\":\"CommentAction\",\"name\":\"Comment\",\"target\":[\"https:\/\/www.bufetgambus.com\/en\/estres-termico-importancia-trabajo-pii\/#respond\"]}]},{\"@type\":\"WebPage\",\"@id\":\"https:\/\/www.bufetgambus.com\/en\/estres-termico-importancia-trabajo-pii\/\",\"url\":\"https:\/\/www.bufetgambus.com\/en\/estres-termico-importancia-trabajo-pii\/\",\"name\":\"Estr\u00e9s t\u00e9rmico: su importancia en el trabajo (Parte II) | Bufet Gambus - Advocats i Economistes\",\"isPartOf\":{\"@id\":\"https:\/\/www.bufetgambus.com\/#website\"},\"datePublished\":\"2018-07-11T09:00:02+00:00\",\"dateModified\":\"2018-07-11T09:00:19+00:00\",\"description\":\"Bufet Gamb\u00fas es un despacho de abogados y economistas en Barcelona. En la entrada de hoy os traemos la segunda parte del art\u00edculo sobre el estr\u00e9s t\u00e9rmico.\",\"breadcrumb\":{\"@id\":\"https:\/\/www.bufetgambus.com\/en\/estres-termico-importancia-trabajo-pii\/#breadcrumb\"},\"inLanguage\":\"en-US\",\"potentialAction\":[{\"@type\":\"ReadAction\",\"target\":[\"https:\/\/www.bufetgambus.com\/en\/estres-termico-importancia-trabajo-pii\/\"]}]},{\"@type\":\"BreadcrumbList\",\"@id\":\"https:\/\/www.bufetgambus.com\/en\/estres-termico-importancia-trabajo-pii\/#breadcrumb\",\"itemListElement\":[{\"@type\":\"ListItem\",\"position\":1,\"name\":\"Portada\",\"item\":\"https:\/\/www.bufetgambus.com\/en\/\"},{\"@type\":\"ListItem\",\"position\":2,\"name\":\"Estr\u00e9s t\u00e9rmico: su importancia en el trabajo (Parte II)\"}]},{\"@type\":\"WebSite\",\"@id\":\"https:\/\/www.bufetgambus.com\/#website\",\"url\":\"https:\/\/www.bufetgambus.com\/\",\"name\":\"Bufet Gambus\",\"description\":\"\",\"publisher\":{\"@id\":\"https:\/\/www.bufetgambus.com\/#organization\"},\"potentialAction\":[{\"@type\":\"SearchAction\",\"target\":{\"@type\":\"EntryPoint\",\"urlTemplate\":\"https:\/\/www.bufetgambus.com\/?s={search_term_string}\"},\"query-input\":\"required name=search_term_string\"}],\"inLanguage\":\"en-US\"},{\"@type\":\"Organization\",\"@id\":\"https:\/\/www.bufetgambus.com\/#organization\",\"name\":\"Bufet Gamb\u00fas - Advocats i Economistes\",\"url\":\"https:\/\/www.bufetgambus.com\/\",\"logo\":{\"@type\":\"ImageObject\",\"inLanguage\":\"en-US\",\"@id\":\"https:\/\/www.bufetgambus.com\/#\/schema\/logo\/image\/\",\"url\":\"https:\/\/www.bufetgambus.com\/wp-content\/uploads\/2018\/04\/Logo-bufet-gambus-renovado.png\",\"contentUrl\":\"https:\/\/www.bufetgambus.com\/wp-content\/uploads\/2018\/04\/Logo-bufet-gambus-renovado.png\",\"width\":1200,\"height\":404,\"caption\":\"Bufet Gamb\u00fas - Advocats i Economistes\"},\"image\":{\"@id\":\"https:\/\/www.bufetgambus.com\/#\/schema\/logo\/image\/\"}},{\"@type\":\"Person\",\"@id\":\"https:\/\/www.bufetgambus.com\/#\/schema\/person\/cace25d8f22675c0115f46590b3fe563\",\"name\":\"Luzneyla\",\"image\":{\"@type\":\"ImageObject\",\"inLanguage\":\"en-US\",\"@id\":\"https:\/\/www.bufetgambus.com\/#\/schema\/person\/image\/\",\"url\":\"https:\/\/secure.gravatar.com\/avatar\/4869a69aa5a5f2f3d0250918aa4a98c8c9d75ca103c2546116ddfe0e8f789ef6?s=96&d=mm&r=g\",\"contentUrl\":\"https:\/\/secure.gravatar.com\/avatar\/4869a69aa5a5f2f3d0250918aa4a98c8c9d75ca103c2546116ddfe0e8f789ef6?s=96&d=mm&r=g\",\"caption\":\"Luzneyla\"}}]}<\/script>\n<!-- \/ Yoast SEO plugin. -->","yoast_head_json":{"title":"Estr\u00e9s t\u00e9rmico: su importancia en el trabajo (Parte II) | Bufet Gambus - Advocats i Economistes","description":"Bufet Gamb\u00fas es un despacho de abogados y economistas en Barcelona. En la entrada de hoy os traemos la segunda parte del art\u00edculo sobre el estr\u00e9s t\u00e9rmico.","robots":{"index":"index","follow":"follow","max-snippet":"max-snippet:-1","max-image-preview":"max-image-preview:large","max-video-preview":"max-video-preview:-1"},"canonical":"https:\/\/www.bufetgambus.com\/en\/estres-termico-importancia-trabajo-pii\/","og_locale":"en_US","og_type":"article","og_title":"Estr\u00e9s t\u00e9rmico: su importancia en el trabajo (Parte II) | Bufet Gambus - Advocats i Economistes","og_description":"Bufet Gamb\u00fas es un despacho de abogados y economistas en Barcelona. En la entrada de hoy os traemos la segunda parte del art\u00edculo sobre el estr\u00e9s t\u00e9rmico.","og_url":"https:\/\/www.bufetgambus.com\/en\/estres-termico-importancia-trabajo-pii\/","og_site_name":"Bufet Gambus","article_published_time":"2018-07-11T09:00:02+00:00","article_modified_time":"2018-07-11T09:00:19+00:00","og_image":[{"width":1207,"height":665,"url":"https:\/\/www.bufetgambus.com\/wp-content\/uploads\/2018\/07\/Estr\u00e9s-t\u00e9rmico-2.jpg","type":"image\/jpeg"}],"author":"Luzneyla","twitter_card":"summary_large_image","twitter_misc":{"Written by":"Luzneyla","Est. reading time":"2 minutes"},"schema":{"@context":"https:\/\/schema.org","@graph":[{"@type":"Article","@id":"https:\/\/www.bufetgambus.com\/en\/estres-termico-importancia-trabajo-pii\/#article","isPartOf":{"@id":"https:\/\/www.bufetgambus.com\/en\/estres-termico-importancia-trabajo-pii\/"},"author":{"name":"Luzneyla","@id":"https:\/\/www.bufetgambus.com\/#\/schema\/person\/cace25d8f22675c0115f46590b3fe563"},"headline":"Estr\u00e9s t\u00e9rmico: su importancia en el trabajo (Parte II)","datePublished":"2018-07-11T09:00:02+00:00","dateModified":"2018-07-11T09:00:19+00:00","mainEntityOfPage":{"@id":"https:\/\/www.bufetgambus.com\/en\/estres-termico-importancia-trabajo-pii\/"},"wordCount":450,"commentCount":0,"publisher":{"@id":"https:\/\/www.bufetgambus.com\/#organization"},"keywords":["Confort T\u00e9rmico","Estr\u00e9s T\u00e9rmico","Medidas Preventivas","Plan de Prevenci\u00f3n","Prevenci\u00f3n Riesgos Laborales","RR.HH."],"articleSection":["Actualidad","Derecho laboral","Sin categor\u00eda"],"inLanguage":"en-US","potentialAction":[{"@type":"CommentAction","name":"Comment","target":["https:\/\/www.bufetgambus.com\/en\/estres-termico-importancia-trabajo-pii\/#respond"]}]},{"@type":"WebPage","@id":"https:\/\/www.bufetgambus.com\/en\/estres-termico-importancia-trabajo-pii\/","url":"https:\/\/www.bufetgambus.com\/en\/estres-termico-importancia-trabajo-pii\/","name":"Estr\u00e9s t\u00e9rmico: su importancia en el trabajo (Parte II) | Bufet Gambus - Advocats i Economistes","isPartOf":{"@id":"https:\/\/www.bufetgambus.com\/#website"},"datePublished":"2018-07-11T09:00:02+00:00","dateModified":"2018-07-11T09:00:19+00:00","description":"Bufet Gamb\u00fas es un despacho de abogados y economistas en Barcelona. En la entrada de hoy os traemos la segunda parte del art\u00edculo sobre el estr\u00e9s t\u00e9rmico.","breadcrumb":{"@id":"https:\/\/www.bufetgambus.com\/en\/estres-termico-importancia-trabajo-pii\/#breadcrumb"},"inLanguage":"en-US","potentialAction":[{"@type":"ReadAction","target":["https:\/\/www.bufetgambus.com\/en\/estres-termico-importancia-trabajo-pii\/"]}]},{"@type":"BreadcrumbList","@id":"https:\/\/www.bufetgambus.com\/en\/estres-termico-importancia-trabajo-pii\/#breadcrumb","itemListElement":[{"@type":"ListItem","position":1,"name":"Portada","item":"https:\/\/www.bufetgambus.com\/en\/"},{"@type":"ListItem","position":2,"name":"Estr\u00e9s t\u00e9rmico: su importancia en el trabajo (Parte II)"}]},{"@type":"WebSite","@id":"https:\/\/www.bufetgambus.com\/#website","url":"https:\/\/www.bufetgambus.com\/","name":"Bufet Gambus","description":"","publisher":{"@id":"https:\/\/www.bufetgambus.com\/#organization"},"potentialAction":[{"@type":"SearchAction","target":{"@type":"EntryPoint","urlTemplate":"https:\/\/www.bufetgambus.com\/?s={search_term_string}"},"query-input":"required name=search_term_string"}],"inLanguage":"en-US"},{"@type":"Organization","@id":"https:\/\/www.bufetgambus.com\/#organization","name":"Bufet Gamb\u00fas - Advocats i Economistes","url":"https:\/\/www.bufetgambus.com\/","logo":{"@type":"ImageObject","inLanguage":"en-US","@id":"https:\/\/www.bufetgambus.com\/#\/schema\/logo\/image\/","url":"https:\/\/www.bufetgambus.com\/wp-content\/uploads\/2018\/04\/Logo-bufet-gambus-renovado.png","contentUrl":"https:\/\/www.bufetgambus.com\/wp-content\/uploads\/2018\/04\/Logo-bufet-gambus-renovado.png","width":1200,"height":404,"caption":"Bufet Gamb\u00fas - Advocats i Economistes"},"image":{"@id":"https:\/\/www.bufetgambus.com\/#\/schema\/logo\/image\/"}},{"@type":"Person","@id":"https:\/\/www.bufetgambus.com\/#\/schema\/person\/cace25d8f22675c0115f46590b3fe563","name":"Luzneyla","image":{"@type":"ImageObject","inLanguage":"en-US","@id":"https:\/\/www.bufetgambus.com\/#\/schema\/person\/image\/","url":"https:\/\/secure.gravatar.com\/avatar\/4869a69aa5a5f2f3d0250918aa4a98c8c9d75ca103c2546116ddfe0e8f789ef6?s=96&d=mm&r=g","contentUrl":"https:\/\/secure.gravatar.com\/avatar\/4869a69aa5a5f2f3d0250918aa4a98c8c9d75ca103c2546116ddfe0e8f789ef6?s=96&d=mm&r=g","caption":"Luzneyla"}}]}},"_links":{"self":[{"href":"https:\/\/www.bufetgambus.com\/en\/wp-json\/wp\/v2\/posts\/3087","targetHints":{"allow":["GET"]}}],"collection":[{"href":"https:\/\/www.bufetgambus.com\/en\/wp-json\/wp\/v2\/posts"}],"about":[{"href":"https:\/\/www.bufetgambus.com\/en\/wp-json\/wp\/v2\/types\/post"}],"author":[{"embeddable":true,"href":"https:\/\/www.bufetgambus.com\/en\/wp-json\/wp\/v2\/users\/5"}],"replies":[{"embeddable":true,"href":"https:\/\/www.bufetgambus.com\/en\/wp-json\/wp\/v2\/comments?post=3087"}],"version-history":[{"count":4,"href":"https:\/\/www.bufetgambus.com\/en\/wp-json\/wp\/v2\/posts\/3087\/revisions"}],"predecessor-version":[{"id":3114,"href":"https:\/\/www.bufetgambus.com\/en\/wp-json\/wp\/v2\/posts\/3087\/revisions\/3114"}],"wp:featuredmedia":[{"embeddable":true,"href":"https:\/\/www.bufetgambus.com\/en\/wp-json\/wp\/v2\/media\/3082"}],"wp:attachment":[{"href":"https:\/\/www.bufetgambus.com\/en\/wp-json\/wp\/v2\/media?parent=3087"}],"wp:term":[{"taxonomy":"category","embeddable":true,"href":"https:\/\/www.bufetgambus.com\/en\/wp-json\/wp\/v2\/categories?post=3087"},{"taxonomy":"post_tag","embeddable":true,"href":"https:\/\/www.bufetgambus.com\/en\/wp-json\/wp\/v2\/tags?post=3087"}],"curies":[{"name":"wp","href":"https:\/\/api.w.org\/{rel}","templated":true}]}}