{"id":3049,"date":"2018-07-04T11:30:14","date_gmt":"2018-07-04T09:30:14","guid":{"rendered":"http:\/\/www.bufetgambus.com\/en\/?p=3049"},"modified":"2018-07-10T11:33:46","modified_gmt":"2018-07-10T09:33:46","slug":"estres-termico-importancia-trabajo-pi","status":"publish","type":"post","link":"https:\/\/www.bufetgambus.com\/en\/estres-termico-importancia-trabajo-pi\/","title":{"rendered":"Estr\u00e9s t\u00e9rmico: su importancia en el trabajo (Parte I)"},"content":{"rendered":"<p><a href=\"http:\/\/www.bufetgambus.com\/\">Bufet Gamb\u00fas<\/a> es un <strong>bufete de abogados en Barcelona<\/strong> que cuenta con un equipo de profesionales especialistas en diferentes campos,\u00a0como el <strong>civil,<\/strong> el <strong>mercantil,<\/strong> el <strong>laboral<\/strong> o el <strong>fiscal.<\/strong> Le ofrecemos <strong>asesoramiento<\/strong> y propondremos <strong>soluciones <\/strong>a cualquier<strong> problema legal<\/strong> que pueda tener. En Bufet Gamb\u00fas, conscientes de los problemas de salud que se presentan en los trabajadores, sobre todo en esta estaci\u00f3n de verano, damos a conocer este art\u00edculo para que se puedan tomar las <strong>medidas preventivas<\/strong> del caso y que todos <strong>los trabajadores gocen del<\/strong> <strong>confort <\/strong>necesario <strong>para poder realizar su trabajo.<\/strong><\/p>\n<p><!--more--><\/p>\n<h2><strong>\u00bfQu\u00e9 es el estr\u00e9s t\u00e9rmico?<\/strong><\/h2>\n<p>Es el malestar ocasionado por la<strong> acumulaci\u00f3n o p\u00e9rdida excesiva de calor.<\/strong> Es, en otras palabras la\u00a0ausencia de confort t\u00e9rmico.<\/p>\n<p>Para evitar este malestar hay que lograr que en los centros de trabajo haya un\u00a0<strong>ambiente t\u00e9rmico favorable<\/strong><strong>, <\/strong>donde la producci\u00f3n de calor metab\u00f3lico se equilibre con las p\u00e9rdidas de calor sensible, las p\u00e9rdidas de calor respirable y la respiraci\u00f3n insensible.<\/p>\n<h2><strong>\u00bfCu\u00e1les son los factores que intervienen en el confort t\u00e9rmico?<\/strong><\/h2>\n<p>Los principales factores se pueden clasificar en dos grupos:<\/p>\n<p><strong>A. Los relativos a las condiciones ambientales como<\/strong><strong>:<\/strong><\/p>\n<ul style=\"list-style-type: disc;\">\n<li>Temperatura del aire.<\/li>\n<li>Fuentes de radiaci\u00f3n t\u00e9rmica.<\/li>\n<li>Humedad relativa del aire.<\/li>\n<li>Velocidad del aire.<\/li>\n<\/ul>\n<p><strong>B. Los relativos a las condiciones individuales como:<\/strong><\/p>\n<ul style=\"list-style-type: disc;\">\n<li>Consumo metab\u00f3lico.<\/li>\n<li>Aislamiento del vestido.<\/li>\n<\/ul>\n<p>El estr\u00e9s puede ocasionarse por fr\u00edo y por calor:<\/p>\n<h2><strong>Estr\u00e9s por calor: muy com\u00fan en esta estaci\u00f3n de verano<\/strong><\/h2>\n<p>El <strong>exceso de calor corporal <\/strong>puede provocar un aumento de la \u201cprobabilidad de que se produzcan\u00a0<strong>accidentes de trabajo<\/strong><strong>,<\/strong> se agraven dolencias previas (enfermedades cardiovasculares, respiratorias, renales, cut\u00e1neas, diabetes, etc.) y aparezcan las llamadas enfermedades relacionadas con el calor\u201d.<\/p>\n<h2><strong>Sensaci\u00f3n t\u00e9rmica de fr\u00edo y dolor <\/strong><\/h2>\n<p>El <strong>malestar por fr\u00edo<\/strong> surge cuando se produce una p\u00e9rdida de calor excesiva en todo el cuerpo o en una parte. Es decir, se trata de un indicador del equilibrio t\u00e9rmico general o local. Dependiendo de la temperatura (incluyendo variaciones t\u00e9rmicas), el tipo de actividad y la ropa, las personas pueden experimentar molestias por fr\u00edo a temperaturas alrededor de los 20 grados y llegar a experimentar<strong> sensaci\u00f3n de dolor. <\/strong><\/p>\n<p>Existe variabilidad individual de respuesta al fr\u00edo e incluso pueden darse situaciones de malestar y dolor a niveles moderados de estr\u00e9s por fr\u00edo. Este malestar ocasiona disminuci\u00f3n en la movilidad de las manos y de la destreza mental, efectos cardiovasculares y malestar en la respiraci\u00f3n.<\/p>\n<p>Hasta aqu\u00ed llegamos con la primera parte de este art\u00edculo. En la pr\u00f3xima publicaci\u00f3n os explicaremos por qu\u00e9 es tan importante que las empresas incluyan este riesgo en el Plan de Prevenci\u00f3n y os contaremos algunas de las medidas que se pueden tomar para prevenir este estr\u00e9s t\u00e9rmico en los lugares de trabajo.<\/p>\n<p>Si necesita asesoramiento en el \u00e1mbito de los <strong>recursos humanos<\/strong> o de la <strong>prevenci\u00f3n de riesgos laborales,<\/strong> Bufet Gamb\u00fas es su <strong>despacho de abogados.<\/strong> No dude en <a href=\"http:\/\/www.bufetgambus.com\/en\/contacto\/\">consultarnos<\/a>, nuestro <strong>bufete de abogados en Barcelona<\/strong> le ayudar\u00e1 en todo aquello que necesite.<\/p>\n","protected":false},"excerpt":{"rendered":"<p>Bufet Gamb\u00fas es un bufete de abogados en Barcelona que cuenta con un equipo de profesionales especialistas en diferentes campos,\u00a0como el civil, el mercantil, el laboral o el fiscal. Le ofrecemos asesoramiento y propondremos soluciones a cualquier problema legal que pueda tener. En Bufet Gamb\u00fas, conscientes de los problemas de salud que se presentan en [&hellip;]<\/p>\n","protected":false},"author":5,"featured_media":3046,"comment_status":"open","ping_status":"open","sticky":false,"template":"","format":"standard","meta":{"footnotes":""},"categories":[98,97,19],"tags":[261,262,263,264,265],"class_list":["post-3049","post","type-post","status-publish","format-standard","has-post-thumbnail","hentry","category-actualidad-en","category-derecho-laboral-en","category-sin-categoria-en","tag-confort-termico-en","tag-estres-termico-en","tag-medidas-preventivas-en","tag-prevencion-riesgos-laborales-en","tag-rr-hh-en"],"yoast_head":"<!-- This site is optimized with the Yoast SEO plugin v21.4 - https:\/\/yoast.com\/wordpress\/plugins\/seo\/ -->\n<title>Estr\u00e9s t\u00e9rmico: su importancia en el trabajo (Parte I) | Bufet Gambus - Advocats i Economistes<\/title>\n<meta name=\"description\" content=\"Bufet Gamb\u00fas es un bufete de abogados en Barcelona. En este art\u00edculo os contamos sobre el estr\u00e9s t\u00e9rmico para que pod\u00e9is tomar las medidas preventivas.\" \/>\n<meta name=\"robots\" content=\"index, follow, max-snippet:-1, max-image-preview:large, max-video-preview:-1\" \/>\n<link rel=\"canonical\" href=\"https:\/\/www.bufetgambus.com\/en\/estres-termico-importancia-trabajo-pi\/\" \/>\n<meta property=\"og:locale\" content=\"en_US\" \/>\n<meta property=\"og:type\" content=\"article\" \/>\n<meta property=\"og:title\" content=\"Estr\u00e9s t\u00e9rmico: su importancia en el trabajo (Parte I) | Bufet Gambus - Advocats i Economistes\" \/>\n<meta property=\"og:description\" content=\"Bufet Gamb\u00fas es un bufete de abogados en Barcelona. En este art\u00edculo os contamos sobre el estr\u00e9s t\u00e9rmico para que pod\u00e9is tomar las medidas preventivas.\" \/>\n<meta property=\"og:url\" content=\"https:\/\/www.bufetgambus.com\/en\/estres-termico-importancia-trabajo-pi\/\" \/>\n<meta property=\"og:site_name\" content=\"Bufet Gambus\" \/>\n<meta property=\"article:published_time\" content=\"2018-07-04T09:30:14+00:00\" \/>\n<meta property=\"article:modified_time\" content=\"2018-07-10T09:33:46+00:00\" \/>\n<meta property=\"og:image\" content=\"https:\/\/www.bufetgambus.com\/wp-content\/uploads\/2018\/07\/Estr\u00e9s-t\u00e9rmico-1.jpg\" \/>\n\t<meta property=\"og:image:width\" content=\"5184\" \/>\n\t<meta property=\"og:image:height\" content=\"3456\" \/>\n\t<meta property=\"og:image:type\" content=\"image\/jpeg\" \/>\n<meta name=\"author\" content=\"Luzneyla\" \/>\n<meta name=\"twitter:card\" content=\"summary_large_image\" \/>\n<meta name=\"twitter:label1\" content=\"Written by\" \/>\n\t<meta name=\"twitter:data1\" content=\"Luzneyla\" \/>\n\t<meta name=\"twitter:label2\" content=\"Est. reading time\" \/>\n\t<meta name=\"twitter:data2\" content=\"3 minutes\" \/>\n<script type=\"application\/ld+json\" class=\"yoast-schema-graph\">{\"@context\":\"https:\/\/schema.org\",\"@graph\":[{\"@type\":\"Article\",\"@id\":\"https:\/\/www.bufetgambus.com\/en\/estres-termico-importancia-trabajo-pi\/#article\",\"isPartOf\":{\"@id\":\"https:\/\/www.bufetgambus.com\/en\/estres-termico-importancia-trabajo-pi\/\"},\"author\":{\"name\":\"Luzneyla\",\"@id\":\"https:\/\/www.bufetgambus.com\/#\/schema\/person\/cace25d8f22675c0115f46590b3fe563\"},\"headline\":\"Estr\u00e9s t\u00e9rmico: su importancia en el trabajo (Parte I)\",\"datePublished\":\"2018-07-04T09:30:14+00:00\",\"dateModified\":\"2018-07-10T09:33:46+00:00\",\"mainEntityOfPage\":{\"@id\":\"https:\/\/www.bufetgambus.com\/en\/estres-termico-importancia-trabajo-pi\/\"},\"wordCount\":545,\"commentCount\":0,\"publisher\":{\"@id\":\"https:\/\/www.bufetgambus.com\/#organization\"},\"keywords\":[\"Confort T\u00e9rmico\",\"Estr\u00e9s T\u00e9rmico\",\"Medidas Preventivas\",\"Prevenci\u00f3n Riesgos Laborales\",\"RR.HH.\"],\"articleSection\":[\"Actualidad\",\"Derecho laboral\",\"Sin categor\u00eda\"],\"inLanguage\":\"en-US\",\"potentialAction\":[{\"@type\":\"CommentAction\",\"name\":\"Comment\",\"target\":[\"https:\/\/www.bufetgambus.com\/en\/estres-termico-importancia-trabajo-pi\/#respond\"]}]},{\"@type\":\"WebPage\",\"@id\":\"https:\/\/www.bufetgambus.com\/en\/estres-termico-importancia-trabajo-pi\/\",\"url\":\"https:\/\/www.bufetgambus.com\/en\/estres-termico-importancia-trabajo-pi\/\",\"name\":\"Estr\u00e9s t\u00e9rmico: su importancia en el trabajo (Parte I) | Bufet Gambus - Advocats i Economistes\",\"isPartOf\":{\"@id\":\"https:\/\/www.bufetgambus.com\/#website\"},\"datePublished\":\"2018-07-04T09:30:14+00:00\",\"dateModified\":\"2018-07-10T09:33:46+00:00\",\"description\":\"Bufet Gamb\u00fas es un bufete de abogados en Barcelona. En este art\u00edculo os contamos sobre el estr\u00e9s t\u00e9rmico para que pod\u00e9is tomar las medidas preventivas.\",\"breadcrumb\":{\"@id\":\"https:\/\/www.bufetgambus.com\/en\/estres-termico-importancia-trabajo-pi\/#breadcrumb\"},\"inLanguage\":\"en-US\",\"potentialAction\":[{\"@type\":\"ReadAction\",\"target\":[\"https:\/\/www.bufetgambus.com\/en\/estres-termico-importancia-trabajo-pi\/\"]}]},{\"@type\":\"BreadcrumbList\",\"@id\":\"https:\/\/www.bufetgambus.com\/en\/estres-termico-importancia-trabajo-pi\/#breadcrumb\",\"itemListElement\":[{\"@type\":\"ListItem\",\"position\":1,\"name\":\"Portada\",\"item\":\"https:\/\/www.bufetgambus.com\/en\/\"},{\"@type\":\"ListItem\",\"position\":2,\"name\":\"Estr\u00e9s t\u00e9rmico: su importancia en el trabajo (Parte I)\"}]},{\"@type\":\"WebSite\",\"@id\":\"https:\/\/www.bufetgambus.com\/#website\",\"url\":\"https:\/\/www.bufetgambus.com\/\",\"name\":\"Bufet Gambus\",\"description\":\"\",\"publisher\":{\"@id\":\"https:\/\/www.bufetgambus.com\/#organization\"},\"potentialAction\":[{\"@type\":\"SearchAction\",\"target\":{\"@type\":\"EntryPoint\",\"urlTemplate\":\"https:\/\/www.bufetgambus.com\/?s={search_term_string}\"},\"query-input\":\"required name=search_term_string\"}],\"inLanguage\":\"en-US\"},{\"@type\":\"Organization\",\"@id\":\"https:\/\/www.bufetgambus.com\/#organization\",\"name\":\"Bufet Gamb\u00fas - Advocats i Economistes\",\"url\":\"https:\/\/www.bufetgambus.com\/\",\"logo\":{\"@type\":\"ImageObject\",\"inLanguage\":\"en-US\",\"@id\":\"https:\/\/www.bufetgambus.com\/#\/schema\/logo\/image\/\",\"url\":\"https:\/\/www.bufetgambus.com\/wp-content\/uploads\/2018\/04\/Logo-bufet-gambus-renovado.png\",\"contentUrl\":\"https:\/\/www.bufetgambus.com\/wp-content\/uploads\/2018\/04\/Logo-bufet-gambus-renovado.png\",\"width\":1200,\"height\":404,\"caption\":\"Bufet Gamb\u00fas - Advocats i Economistes\"},\"image\":{\"@id\":\"https:\/\/www.bufetgambus.com\/#\/schema\/logo\/image\/\"}},{\"@type\":\"Person\",\"@id\":\"https:\/\/www.bufetgambus.com\/#\/schema\/person\/cace25d8f22675c0115f46590b3fe563\",\"name\":\"Luzneyla\",\"image\":{\"@type\":\"ImageObject\",\"inLanguage\":\"en-US\",\"@id\":\"https:\/\/www.bufetgambus.com\/#\/schema\/person\/image\/\",\"url\":\"https:\/\/secure.gravatar.com\/avatar\/4869a69aa5a5f2f3d0250918aa4a98c8c9d75ca103c2546116ddfe0e8f789ef6?s=96&d=mm&r=g\",\"contentUrl\":\"https:\/\/secure.gravatar.com\/avatar\/4869a69aa5a5f2f3d0250918aa4a98c8c9d75ca103c2546116ddfe0e8f789ef6?s=96&d=mm&r=g\",\"caption\":\"Luzneyla\"}}]}<\/script>\n<!-- \/ Yoast SEO plugin. -->","yoast_head_json":{"title":"Estr\u00e9s t\u00e9rmico: su importancia en el trabajo (Parte I) | Bufet Gambus - Advocats i Economistes","description":"Bufet Gamb\u00fas es un bufete de abogados en Barcelona. En este art\u00edculo os contamos sobre el estr\u00e9s t\u00e9rmico para que pod\u00e9is tomar las medidas preventivas.","robots":{"index":"index","follow":"follow","max-snippet":"max-snippet:-1","max-image-preview":"max-image-preview:large","max-video-preview":"max-video-preview:-1"},"canonical":"https:\/\/www.bufetgambus.com\/en\/estres-termico-importancia-trabajo-pi\/","og_locale":"en_US","og_type":"article","og_title":"Estr\u00e9s t\u00e9rmico: su importancia en el trabajo (Parte I) | Bufet Gambus - Advocats i Economistes","og_description":"Bufet Gamb\u00fas es un bufete de abogados en Barcelona. En este art\u00edculo os contamos sobre el estr\u00e9s t\u00e9rmico para que pod\u00e9is tomar las medidas preventivas.","og_url":"https:\/\/www.bufetgambus.com\/en\/estres-termico-importancia-trabajo-pi\/","og_site_name":"Bufet Gambus","article_published_time":"2018-07-04T09:30:14+00:00","article_modified_time":"2018-07-10T09:33:46+00:00","og_image":[{"width":5184,"height":3456,"url":"https:\/\/www.bufetgambus.com\/wp-content\/uploads\/2018\/07\/Estr\u00e9s-t\u00e9rmico-1.jpg","type":"image\/jpeg"}],"author":"Luzneyla","twitter_card":"summary_large_image","twitter_misc":{"Written by":"Luzneyla","Est. reading time":"3 minutes"},"schema":{"@context":"https:\/\/schema.org","@graph":[{"@type":"Article","@id":"https:\/\/www.bufetgambus.com\/en\/estres-termico-importancia-trabajo-pi\/#article","isPartOf":{"@id":"https:\/\/www.bufetgambus.com\/en\/estres-termico-importancia-trabajo-pi\/"},"author":{"name":"Luzneyla","@id":"https:\/\/www.bufetgambus.com\/#\/schema\/person\/cace25d8f22675c0115f46590b3fe563"},"headline":"Estr\u00e9s t\u00e9rmico: su importancia en el trabajo (Parte I)","datePublished":"2018-07-04T09:30:14+00:00","dateModified":"2018-07-10T09:33:46+00:00","mainEntityOfPage":{"@id":"https:\/\/www.bufetgambus.com\/en\/estres-termico-importancia-trabajo-pi\/"},"wordCount":545,"commentCount":0,"publisher":{"@id":"https:\/\/www.bufetgambus.com\/#organization"},"keywords":["Confort T\u00e9rmico","Estr\u00e9s T\u00e9rmico","Medidas Preventivas","Prevenci\u00f3n Riesgos Laborales","RR.HH."],"articleSection":["Actualidad","Derecho laboral","Sin categor\u00eda"],"inLanguage":"en-US","potentialAction":[{"@type":"CommentAction","name":"Comment","target":["https:\/\/www.bufetgambus.com\/en\/estres-termico-importancia-trabajo-pi\/#respond"]}]},{"@type":"WebPage","@id":"https:\/\/www.bufetgambus.com\/en\/estres-termico-importancia-trabajo-pi\/","url":"https:\/\/www.bufetgambus.com\/en\/estres-termico-importancia-trabajo-pi\/","name":"Estr\u00e9s t\u00e9rmico: su importancia en el trabajo (Parte I) | Bufet Gambus - Advocats i Economistes","isPartOf":{"@id":"https:\/\/www.bufetgambus.com\/#website"},"datePublished":"2018-07-04T09:30:14+00:00","dateModified":"2018-07-10T09:33:46+00:00","description":"Bufet Gamb\u00fas es un bufete de abogados en Barcelona. En este art\u00edculo os contamos sobre el estr\u00e9s t\u00e9rmico para que pod\u00e9is tomar las medidas preventivas.","breadcrumb":{"@id":"https:\/\/www.bufetgambus.com\/en\/estres-termico-importancia-trabajo-pi\/#breadcrumb"},"inLanguage":"en-US","potentialAction":[{"@type":"ReadAction","target":["https:\/\/www.bufetgambus.com\/en\/estres-termico-importancia-trabajo-pi\/"]}]},{"@type":"BreadcrumbList","@id":"https:\/\/www.bufetgambus.com\/en\/estres-termico-importancia-trabajo-pi\/#breadcrumb","itemListElement":[{"@type":"ListItem","position":1,"name":"Portada","item":"https:\/\/www.bufetgambus.com\/en\/"},{"@type":"ListItem","position":2,"name":"Estr\u00e9s t\u00e9rmico: su importancia en el trabajo (Parte I)"}]},{"@type":"WebSite","@id":"https:\/\/www.bufetgambus.com\/#website","url":"https:\/\/www.bufetgambus.com\/","name":"Bufet Gambus","description":"","publisher":{"@id":"https:\/\/www.bufetgambus.com\/#organization"},"potentialAction":[{"@type":"SearchAction","target":{"@type":"EntryPoint","urlTemplate":"https:\/\/www.bufetgambus.com\/?s={search_term_string}"},"query-input":"required name=search_term_string"}],"inLanguage":"en-US"},{"@type":"Organization","@id":"https:\/\/www.bufetgambus.com\/#organization","name":"Bufet Gamb\u00fas - Advocats i Economistes","url":"https:\/\/www.bufetgambus.com\/","logo":{"@type":"ImageObject","inLanguage":"en-US","@id":"https:\/\/www.bufetgambus.com\/#\/schema\/logo\/image\/","url":"https:\/\/www.bufetgambus.com\/wp-content\/uploads\/2018\/04\/Logo-bufet-gambus-renovado.png","contentUrl":"https:\/\/www.bufetgambus.com\/wp-content\/uploads\/2018\/04\/Logo-bufet-gambus-renovado.png","width":1200,"height":404,"caption":"Bufet Gamb\u00fas - Advocats i Economistes"},"image":{"@id":"https:\/\/www.bufetgambus.com\/#\/schema\/logo\/image\/"}},{"@type":"Person","@id":"https:\/\/www.bufetgambus.com\/#\/schema\/person\/cace25d8f22675c0115f46590b3fe563","name":"Luzneyla","image":{"@type":"ImageObject","inLanguage":"en-US","@id":"https:\/\/www.bufetgambus.com\/#\/schema\/person\/image\/","url":"https:\/\/secure.gravatar.com\/avatar\/4869a69aa5a5f2f3d0250918aa4a98c8c9d75ca103c2546116ddfe0e8f789ef6?s=96&d=mm&r=g","contentUrl":"https:\/\/secure.gravatar.com\/avatar\/4869a69aa5a5f2f3d0250918aa4a98c8c9d75ca103c2546116ddfe0e8f789ef6?s=96&d=mm&r=g","caption":"Luzneyla"}}]}},"_links":{"self":[{"href":"https:\/\/www.bufetgambus.com\/en\/wp-json\/wp\/v2\/posts\/3049","targetHints":{"allow":["GET"]}}],"collection":[{"href":"https:\/\/www.bufetgambus.com\/en\/wp-json\/wp\/v2\/posts"}],"about":[{"href":"https:\/\/www.bufetgambus.com\/en\/wp-json\/wp\/v2\/types\/post"}],"author":[{"embeddable":true,"href":"https:\/\/www.bufetgambus.com\/en\/wp-json\/wp\/v2\/users\/5"}],"replies":[{"embeddable":true,"href":"https:\/\/www.bufetgambus.com\/en\/wp-json\/wp\/v2\/comments?post=3049"}],"version-history":[{"count":10,"href":"https:\/\/www.bufetgambus.com\/en\/wp-json\/wp\/v2\/posts\/3049\/revisions"}],"predecessor-version":[{"id":3100,"href":"https:\/\/www.bufetgambus.com\/en\/wp-json\/wp\/v2\/posts\/3049\/revisions\/3100"}],"wp:featuredmedia":[{"embeddable":true,"href":"https:\/\/www.bufetgambus.com\/en\/wp-json\/wp\/v2\/media\/3046"}],"wp:attachment":[{"href":"https:\/\/www.bufetgambus.com\/en\/wp-json\/wp\/v2\/media?parent=3049"}],"wp:term":[{"taxonomy":"category","embeddable":true,"href":"https:\/\/www.bufetgambus.com\/en\/wp-json\/wp\/v2\/categories?post=3049"},{"taxonomy":"post_tag","embeddable":true,"href":"https:\/\/www.bufetgambus.com\/en\/wp-json\/wp\/v2\/tags?post=3049"}],"curies":[{"name":"wp","href":"https:\/\/api.w.org\/{rel}","templated":true}]}}