{"id":3036,"date":"2018-06-27T11:00:36","date_gmt":"2018-06-27T09:00:36","guid":{"rendered":"http:\/\/www.bufetgambus.com\/en\/?p=3036"},"modified":"2018-07-10T11:36:28","modified_gmt":"2018-07-10T09:36:28","slug":"el-becario-en-que-consiste-esta-figura","status":"publish","type":"post","link":"https:\/\/www.bufetgambus.com\/en\/el-becario-en-que-consiste-esta-figura\/","title":{"rendered":"El becario: \u00bfen qu\u00e9 consiste esta figura?"},"content":{"rendered":"<p>Sed bienvenidos una vez m\u00e1s al blog de <a href=\"http:\/\/www.bufetgambus.com\/\">Bufet Gamb\u00fas<\/a>, tu bufete de abogados en Barcelona. En nuestro despacho de abogados le ofrecemos asesoramiento y le propondremos soluciones a cualquier problema legal que pueda tener. En la publicaci\u00f3n de hoy hablaremos sobre la figura del becario en la empresa.<\/p>\n<p><!--more--><\/p>\n<h2><strong>\u00bfQu\u00e9 es un becario?<\/strong><\/h2>\n<p>Un becario es un estudiante de un organismo p\u00fablico o privado que realiza pr\u00e1cticas en una empresa, ya sea con retribuci\u00f3n econ\u00f3mica o sin ella, con el objetivo de ir adentr\u00e1ndose en el mundo laboral.<\/p>\n<p>La idea es aplicar lo que se ha aprendido en el curso de formaci\u00f3n, ya sea un grado universitario o un grado t\u00e9cnico medio o superior.<\/p>\n<h2><strong>\u00bfQu\u00e9 relaci\u00f3n mantienen con la empresa?<\/strong><\/h2>\n<p>A diferencia de un trabajador, los becarios no tienen ninguna relaci\u00f3n contractual con la empresa. Por lo tanto, es una relaci\u00f3n no laboral, aunque regulada por la Seguridad Social.<\/p>\n<p>Por otro lado, existen los contratos de pr\u00e1cticas y de formaci\u00f3n, que s\u00ed suponen una relaci\u00f3n laboral con la empresa y, por lo tanto, deben ser remunerados.<\/p>\n<h2><strong>\u00bfEn qu\u00e9 situaci\u00f3n se encuentran? <\/strong><\/h2>\n<p>Muchas empresas utilizan a los becarios como trabajadores. Es decir, realizan labores de un trabajador con contrato, percibiendo mucho menos de lo que cobrar\u00eda un trabajador o nada. Este tipo de pr\u00e1cticas que hacen algunas empresas es ilegal y puede ser denunciado. Adem\u00e1s, los becarios pueden abandonar su puesto de trabajo sin motivo alguno, puesto que no est\u00e1n ligados contractualmente con la empresa.<\/p>\n<p>Un estudio de la Universidad de Essex (Reino unido) se\u00f1ala que los graduados universitarios que realizaron pr\u00e1cticas no remuneradas despu\u00e9s de obtener su titulaci\u00f3n, tras tres a\u00f1os y medio, cobran de media casi 4000\u20ac menos que los que se incorporaron directamente al mercado laboral, y 1700\u20ac menos que los que siguieron estudiando y se sacaron el m\u00e1ster.<\/p>\n<p>Adem\u00e1s de percibir menos, solo un 27, 6% de los que realizaron pr\u00e1cticas no remuneradas afirmaron que estaban muy satisfechos con su trabajo, frente al 35,6% que lo hicieron cobrando y el 41,2% que sigui\u00f3 estudiando.<\/p>\n<p>Seg\u00fan apunta Javier Pueyo, adjunto de la secretar\u00eda de juventud de CC.OO., en Espa\u00f1a, se ve este abuso como un peaje necesario para ser contratado. Se\u00f1ala tambi\u00e9n que esto supone un freno para el crecimiento laboral de los trabajadores.<\/p>\n<p>Hasta aqu\u00ed el art\u00edculo de hoy, esperamos que le haya gustado. Si necesita asesoramiento legal para la contrataci\u00f3n de trabajadores para su empresa, no dude en <a href=\"http:\/\/www.bufetgambus.com\/en\/contacto\/\">contactar<\/a> con nosotros. Nuestro equipo de abogados de Barcelona estudiar\u00e1 su caso sin ning\u00fan tipo de compromiso.<\/p>\n","protected":false},"excerpt":{"rendered":"<p>Sed bienvenidos una vez m\u00e1s al blog de Bufet Gamb\u00fas, tu bufete de abogados en Barcelona. En nuestro despacho de abogados le ofrecemos asesoramiento y le propondremos soluciones a cualquier problema legal que pueda tener. En la publicaci\u00f3n de hoy hablaremos sobre la figura del becario en la empresa.<\/p>\n","protected":false},"author":5,"featured_media":3030,"comment_status":"open","ping_status":"open","sticky":false,"template":"","format":"standard","meta":{"footnotes":""},"categories":[98,97,19],"tags":[250,251,252,183],"class_list":["post-3036","post","type-post","status-publish","format-standard","has-post-thumbnail","hentry","category-actualidad-en","category-derecho-laboral-en","category-sin-categoria-en","tag-becario-en","tag-contratacion-laboral-en","tag-mercado-laboral-en","tag-relacion-laboral-en"],"yoast_head":"<!-- This site is optimized with the Yoast SEO plugin v21.4 - https:\/\/yoast.com\/wordpress\/plugins\/seo\/ -->\n<title>El becario: \u00bfen qu\u00e9 consiste esta figura? | Bufet Gambus - Advocats i Economistes<\/title>\n<meta name=\"description\" content=\"Bufet Gamb\u00fas es tu bufete de abogados en Barcelona. En el art\u00edculo de hoy hablaremos sobre la figura del becario en la empresa.\" \/>\n<meta name=\"robots\" content=\"index, follow, max-snippet:-1, max-image-preview:large, max-video-preview:-1\" \/>\n<link rel=\"canonical\" href=\"https:\/\/www.bufetgambus.com\/en\/el-becario-en-que-consiste-esta-figura\/\" \/>\n<meta property=\"og:locale\" content=\"en_US\" \/>\n<meta property=\"og:type\" content=\"article\" \/>\n<meta property=\"og:title\" content=\"El becario: \u00bfen qu\u00e9 consiste esta figura? | Bufet Gambus - Advocats i Economistes\" \/>\n<meta property=\"og:description\" content=\"Bufet Gamb\u00fas es tu bufete de abogados en Barcelona. En el art\u00edculo de hoy hablaremos sobre la figura del becario en la empresa.\" \/>\n<meta property=\"og:url\" content=\"https:\/\/www.bufetgambus.com\/en\/el-becario-en-que-consiste-esta-figura\/\" \/>\n<meta property=\"og:site_name\" content=\"Bufet Gambus\" \/>\n<meta property=\"article:published_time\" content=\"2018-06-27T09:00:36+00:00\" \/>\n<meta property=\"article:modified_time\" content=\"2018-07-10T09:36:28+00:00\" \/>\n<meta property=\"og:image\" content=\"https:\/\/www.bufetgambus.com\/wp-content\/uploads\/2018\/06\/Becario-600x400.jpg\" \/>\n\t<meta property=\"og:image:width\" content=\"600\" \/>\n\t<meta property=\"og:image:height\" content=\"400\" \/>\n\t<meta property=\"og:image:type\" content=\"image\/jpeg\" \/>\n<meta name=\"author\" content=\"Luzneyla\" \/>\n<meta name=\"twitter:card\" content=\"summary_large_image\" \/>\n<meta name=\"twitter:label1\" content=\"Written by\" \/>\n\t<meta name=\"twitter:data1\" content=\"Luzneyla\" \/>\n\t<meta name=\"twitter:label2\" content=\"Est. reading time\" \/>\n\t<meta name=\"twitter:data2\" content=\"2 minutes\" \/>\n<script type=\"application\/ld+json\" class=\"yoast-schema-graph\">{\"@context\":\"https:\/\/schema.org\",\"@graph\":[{\"@type\":\"Article\",\"@id\":\"https:\/\/www.bufetgambus.com\/en\/el-becario-en-que-consiste-esta-figura\/#article\",\"isPartOf\":{\"@id\":\"https:\/\/www.bufetgambus.com\/en\/el-becario-en-que-consiste-esta-figura\/\"},\"author\":{\"name\":\"Luzneyla\",\"@id\":\"https:\/\/www.bufetgambus.com\/#\/schema\/person\/cace25d8f22675c0115f46590b3fe563\"},\"headline\":\"El becario: \u00bfen qu\u00e9 consiste esta figura?\",\"datePublished\":\"2018-06-27T09:00:36+00:00\",\"dateModified\":\"2018-07-10T09:36:28+00:00\",\"mainEntityOfPage\":{\"@id\":\"https:\/\/www.bufetgambus.com\/en\/el-becario-en-que-consiste-esta-figura\/\"},\"wordCount\":458,\"commentCount\":0,\"publisher\":{\"@id\":\"https:\/\/www.bufetgambus.com\/#organization\"},\"keywords\":[\"Becario\",\"Contrataci\u00f3n Laboral\",\"Mercado Laboral\",\"relaci\u00f3n laboral\"],\"articleSection\":[\"Actualidad\",\"Derecho laboral\",\"Sin categor\u00eda\"],\"inLanguage\":\"en-US\",\"potentialAction\":[{\"@type\":\"CommentAction\",\"name\":\"Comment\",\"target\":[\"https:\/\/www.bufetgambus.com\/en\/el-becario-en-que-consiste-esta-figura\/#respond\"]}]},{\"@type\":\"WebPage\",\"@id\":\"https:\/\/www.bufetgambus.com\/en\/el-becario-en-que-consiste-esta-figura\/\",\"url\":\"https:\/\/www.bufetgambus.com\/en\/el-becario-en-que-consiste-esta-figura\/\",\"name\":\"El becario: \u00bfen qu\u00e9 consiste esta figura? | Bufet Gambus - Advocats i Economistes\",\"isPartOf\":{\"@id\":\"https:\/\/www.bufetgambus.com\/#website\"},\"datePublished\":\"2018-06-27T09:00:36+00:00\",\"dateModified\":\"2018-07-10T09:36:28+00:00\",\"description\":\"Bufet Gamb\u00fas es tu bufete de abogados en Barcelona. En el art\u00edculo de hoy hablaremos sobre la figura del becario en la empresa.\",\"breadcrumb\":{\"@id\":\"https:\/\/www.bufetgambus.com\/en\/el-becario-en-que-consiste-esta-figura\/#breadcrumb\"},\"inLanguage\":\"en-US\",\"potentialAction\":[{\"@type\":\"ReadAction\",\"target\":[\"https:\/\/www.bufetgambus.com\/en\/el-becario-en-que-consiste-esta-figura\/\"]}]},{\"@type\":\"BreadcrumbList\",\"@id\":\"https:\/\/www.bufetgambus.com\/en\/el-becario-en-que-consiste-esta-figura\/#breadcrumb\",\"itemListElement\":[{\"@type\":\"ListItem\",\"position\":1,\"name\":\"Portada\",\"item\":\"https:\/\/www.bufetgambus.com\/en\/\"},{\"@type\":\"ListItem\",\"position\":2,\"name\":\"El becario: \u00bfen qu\u00e9 consiste esta figura?\"}]},{\"@type\":\"WebSite\",\"@id\":\"https:\/\/www.bufetgambus.com\/#website\",\"url\":\"https:\/\/www.bufetgambus.com\/\",\"name\":\"Bufet Gambus\",\"description\":\"\",\"publisher\":{\"@id\":\"https:\/\/www.bufetgambus.com\/#organization\"},\"potentialAction\":[{\"@type\":\"SearchAction\",\"target\":{\"@type\":\"EntryPoint\",\"urlTemplate\":\"https:\/\/www.bufetgambus.com\/?s={search_term_string}\"},\"query-input\":\"required name=search_term_string\"}],\"inLanguage\":\"en-US\"},{\"@type\":\"Organization\",\"@id\":\"https:\/\/www.bufetgambus.com\/#organization\",\"name\":\"Bufet Gamb\u00fas - Advocats i Economistes\",\"url\":\"https:\/\/www.bufetgambus.com\/\",\"logo\":{\"@type\":\"ImageObject\",\"inLanguage\":\"en-US\",\"@id\":\"https:\/\/www.bufetgambus.com\/#\/schema\/logo\/image\/\",\"url\":\"https:\/\/www.bufetgambus.com\/wp-content\/uploads\/2018\/04\/Logo-bufet-gambus-renovado.png\",\"contentUrl\":\"https:\/\/www.bufetgambus.com\/wp-content\/uploads\/2018\/04\/Logo-bufet-gambus-renovado.png\",\"width\":1200,\"height\":404,\"caption\":\"Bufet Gamb\u00fas - Advocats i Economistes\"},\"image\":{\"@id\":\"https:\/\/www.bufetgambus.com\/#\/schema\/logo\/image\/\"}},{\"@type\":\"Person\",\"@id\":\"https:\/\/www.bufetgambus.com\/#\/schema\/person\/cace25d8f22675c0115f46590b3fe563\",\"name\":\"Luzneyla\",\"image\":{\"@type\":\"ImageObject\",\"inLanguage\":\"en-US\",\"@id\":\"https:\/\/www.bufetgambus.com\/#\/schema\/person\/image\/\",\"url\":\"https:\/\/secure.gravatar.com\/avatar\/4869a69aa5a5f2f3d0250918aa4a98c8c9d75ca103c2546116ddfe0e8f789ef6?s=96&d=mm&r=g\",\"contentUrl\":\"https:\/\/secure.gravatar.com\/avatar\/4869a69aa5a5f2f3d0250918aa4a98c8c9d75ca103c2546116ddfe0e8f789ef6?s=96&d=mm&r=g\",\"caption\":\"Luzneyla\"}}]}<\/script>\n<!-- \/ Yoast SEO plugin. -->","yoast_head_json":{"title":"El becario: \u00bfen qu\u00e9 consiste esta figura? | Bufet Gambus - Advocats i Economistes","description":"Bufet Gamb\u00fas es tu bufete de abogados en Barcelona. En el art\u00edculo de hoy hablaremos sobre la figura del becario en la empresa.","robots":{"index":"index","follow":"follow","max-snippet":"max-snippet:-1","max-image-preview":"max-image-preview:large","max-video-preview":"max-video-preview:-1"},"canonical":"https:\/\/www.bufetgambus.com\/en\/el-becario-en-que-consiste-esta-figura\/","og_locale":"en_US","og_type":"article","og_title":"El becario: \u00bfen qu\u00e9 consiste esta figura? | Bufet Gambus - Advocats i Economistes","og_description":"Bufet Gamb\u00fas es tu bufete de abogados en Barcelona. En el art\u00edculo de hoy hablaremos sobre la figura del becario en la empresa.","og_url":"https:\/\/www.bufetgambus.com\/en\/el-becario-en-que-consiste-esta-figura\/","og_site_name":"Bufet Gambus","article_published_time":"2018-06-27T09:00:36+00:00","article_modified_time":"2018-07-10T09:36:28+00:00","og_image":[{"width":600,"height":400,"url":"https:\/\/www.bufetgambus.com\/wp-content\/uploads\/2018\/06\/Becario-600x400.jpg","type":"image\/jpeg"}],"author":"Luzneyla","twitter_card":"summary_large_image","twitter_misc":{"Written by":"Luzneyla","Est. reading time":"2 minutes"},"schema":{"@context":"https:\/\/schema.org","@graph":[{"@type":"Article","@id":"https:\/\/www.bufetgambus.com\/en\/el-becario-en-que-consiste-esta-figura\/#article","isPartOf":{"@id":"https:\/\/www.bufetgambus.com\/en\/el-becario-en-que-consiste-esta-figura\/"},"author":{"name":"Luzneyla","@id":"https:\/\/www.bufetgambus.com\/#\/schema\/person\/cace25d8f22675c0115f46590b3fe563"},"headline":"El becario: \u00bfen qu\u00e9 consiste esta figura?","datePublished":"2018-06-27T09:00:36+00:00","dateModified":"2018-07-10T09:36:28+00:00","mainEntityOfPage":{"@id":"https:\/\/www.bufetgambus.com\/en\/el-becario-en-que-consiste-esta-figura\/"},"wordCount":458,"commentCount":0,"publisher":{"@id":"https:\/\/www.bufetgambus.com\/#organization"},"keywords":["Becario","Contrataci\u00f3n Laboral","Mercado Laboral","relaci\u00f3n laboral"],"articleSection":["Actualidad","Derecho laboral","Sin categor\u00eda"],"inLanguage":"en-US","potentialAction":[{"@type":"CommentAction","name":"Comment","target":["https:\/\/www.bufetgambus.com\/en\/el-becario-en-que-consiste-esta-figura\/#respond"]}]},{"@type":"WebPage","@id":"https:\/\/www.bufetgambus.com\/en\/el-becario-en-que-consiste-esta-figura\/","url":"https:\/\/www.bufetgambus.com\/en\/el-becario-en-que-consiste-esta-figura\/","name":"El becario: \u00bfen qu\u00e9 consiste esta figura? | Bufet Gambus - Advocats i Economistes","isPartOf":{"@id":"https:\/\/www.bufetgambus.com\/#website"},"datePublished":"2018-06-27T09:00:36+00:00","dateModified":"2018-07-10T09:36:28+00:00","description":"Bufet Gamb\u00fas es tu bufete de abogados en Barcelona. En el art\u00edculo de hoy hablaremos sobre la figura del becario en la empresa.","breadcrumb":{"@id":"https:\/\/www.bufetgambus.com\/en\/el-becario-en-que-consiste-esta-figura\/#breadcrumb"},"inLanguage":"en-US","potentialAction":[{"@type":"ReadAction","target":["https:\/\/www.bufetgambus.com\/en\/el-becario-en-que-consiste-esta-figura\/"]}]},{"@type":"BreadcrumbList","@id":"https:\/\/www.bufetgambus.com\/en\/el-becario-en-que-consiste-esta-figura\/#breadcrumb","itemListElement":[{"@type":"ListItem","position":1,"name":"Portada","item":"https:\/\/www.bufetgambus.com\/en\/"},{"@type":"ListItem","position":2,"name":"El becario: \u00bfen qu\u00e9 consiste esta figura?"}]},{"@type":"WebSite","@id":"https:\/\/www.bufetgambus.com\/#website","url":"https:\/\/www.bufetgambus.com\/","name":"Bufet Gambus","description":"","publisher":{"@id":"https:\/\/www.bufetgambus.com\/#organization"},"potentialAction":[{"@type":"SearchAction","target":{"@type":"EntryPoint","urlTemplate":"https:\/\/www.bufetgambus.com\/?s={search_term_string}"},"query-input":"required name=search_term_string"}],"inLanguage":"en-US"},{"@type":"Organization","@id":"https:\/\/www.bufetgambus.com\/#organization","name":"Bufet Gamb\u00fas - Advocats i Economistes","url":"https:\/\/www.bufetgambus.com\/","logo":{"@type":"ImageObject","inLanguage":"en-US","@id":"https:\/\/www.bufetgambus.com\/#\/schema\/logo\/image\/","url":"https:\/\/www.bufetgambus.com\/wp-content\/uploads\/2018\/04\/Logo-bufet-gambus-renovado.png","contentUrl":"https:\/\/www.bufetgambus.com\/wp-content\/uploads\/2018\/04\/Logo-bufet-gambus-renovado.png","width":1200,"height":404,"caption":"Bufet Gamb\u00fas - Advocats i Economistes"},"image":{"@id":"https:\/\/www.bufetgambus.com\/#\/schema\/logo\/image\/"}},{"@type":"Person","@id":"https:\/\/www.bufetgambus.com\/#\/schema\/person\/cace25d8f22675c0115f46590b3fe563","name":"Luzneyla","image":{"@type":"ImageObject","inLanguage":"en-US","@id":"https:\/\/www.bufetgambus.com\/#\/schema\/person\/image\/","url":"https:\/\/secure.gravatar.com\/avatar\/4869a69aa5a5f2f3d0250918aa4a98c8c9d75ca103c2546116ddfe0e8f789ef6?s=96&d=mm&r=g","contentUrl":"https:\/\/secure.gravatar.com\/avatar\/4869a69aa5a5f2f3d0250918aa4a98c8c9d75ca103c2546116ddfe0e8f789ef6?s=96&d=mm&r=g","caption":"Luzneyla"}}]}},"_links":{"self":[{"href":"https:\/\/www.bufetgambus.com\/en\/wp-json\/wp\/v2\/posts\/3036","targetHints":{"allow":["GET"]}}],"collection":[{"href":"https:\/\/www.bufetgambus.com\/en\/wp-json\/wp\/v2\/posts"}],"about":[{"href":"https:\/\/www.bufetgambus.com\/en\/wp-json\/wp\/v2\/types\/post"}],"author":[{"embeddable":true,"href":"https:\/\/www.bufetgambus.com\/en\/wp-json\/wp\/v2\/users\/5"}],"replies":[{"embeddable":true,"href":"https:\/\/www.bufetgambus.com\/en\/wp-json\/wp\/v2\/comments?post=3036"}],"version-history":[{"count":3,"href":"https:\/\/www.bufetgambus.com\/en\/wp-json\/wp\/v2\/posts\/3036\/revisions"}],"predecessor-version":[{"id":3103,"href":"https:\/\/www.bufetgambus.com\/en\/wp-json\/wp\/v2\/posts\/3036\/revisions\/3103"}],"wp:featuredmedia":[{"embeddable":true,"href":"https:\/\/www.bufetgambus.com\/en\/wp-json\/wp\/v2\/media\/3030"}],"wp:attachment":[{"href":"https:\/\/www.bufetgambus.com\/en\/wp-json\/wp\/v2\/media?parent=3036"}],"wp:term":[{"taxonomy":"category","embeddable":true,"href":"https:\/\/www.bufetgambus.com\/en\/wp-json\/wp\/v2\/categories?post=3036"},{"taxonomy":"post_tag","embeddable":true,"href":"https:\/\/www.bufetgambus.com\/en\/wp-json\/wp\/v2\/tags?post=3036"}],"curies":[{"name":"wp","href":"https:\/\/api.w.org\/{rel}","templated":true}]}}