{"id":2608,"date":"2015-04-25T16:51:58","date_gmt":"2015-04-25T16:51:58","guid":{"rendered":"http:\/\/www.bufetgambus.com\/en\/revalorizacion-de-las-pensiones\/"},"modified":"2018-08-08T12:43:45","modified_gmt":"2018-08-08T10:43:45","slug":"revalorizacion-de-las-pensiones","status":"publish","type":"post","link":"https:\/\/www.bufetgambus.com\/en\/revalorizacion-de-las-pensiones\/","title":{"rendered":"Revalorizaci\u00f3n de las pensiones"},"content":{"rendered":"<h2>Real Decreto 1107\/2014, de 26 de diciembre, sobre revalorizaci\u00f3n de las pensiones del sistema de la Seguridad Social y de otras prestaciones sociales p\u00fablicas para el ejercicio 2015.<\/h2>\n<p>Art. 40 de Ley 36\/2014, de 26 de diciembre, de Presupuestos Generales del Estado para el a\u00f1o 2015.<\/p>\n<p>Art. 48 de Real Decreto Legislativo 1\/1994, de 20 de junio, por el que se aprueba el texto refundido de la Ley General de la Seguridad Social.<\/p>\n<p>La cuant\u00eda m\u00e1xima de la pensi\u00f3n de jubilaci\u00f3n para el a\u00f1o 2015 es de 2.560,88\u20ac mensuales, sin perjuicio de las pagas extraordinarias, que tampoco pueden exceder de ese l\u00edmite <u>(LPGE 2015 art.40)<\/u>.<\/p>\n<p><!--more-->La cuant\u00eda m\u00e1xima de la pensi\u00f3n de jubilaci\u00f3n compatible con el trabajo en los t\u00e9rminos previstos en el art.3 del RDL 5\/2013 es de 1.280,44\u20ac mensuales (RD 1107\/2014 art.3.5).<\/p>\n<p>Las cuant\u00edas m\u00ednimas de la pensi\u00f3n de jubilaci\u00f3n durante el a\u00f1o 2015, son las siguientes (LPGE 2015 art. 45.5 y RD 1107\/2014 anex. U):<\/p>\n<ul>\n<li>Para titular con 65 a\u00f1os o m\u00e1s:<\/li>\n<\/ul>\n<ol style=\"list-style-type: lower-roman;\">\n<li>960,60\u20ac anuales con c\u00f3nyuge a cargo<\/li>\n<li>883,00\u20ac anuales sin c\u00f3nyuge. Unidad econ\u00f3mica unipersonal<\/li>\n<li>426,60\u20ac anuales con c\u00f3nyuge no a cargo.<\/li>\n<\/ol>\n<ul>\n<li>Para titular con 65 a\u00f1os o m\u00e1s procedente de gran invalidez:<\/li>\n<\/ul>\n<ol style=\"list-style-type: lower-roman;\">\n<li>441,60\u20ac anuales con c\u00f3nyuge a cargo<\/li>\n<li>325,20\u20ac anuales sin c\u00f3nyuge. Unidad econ\u00f3mica unipersonal<\/li>\n<li>640,60\u20ac anuales con c\u00f3nyuge no a cargo<\/li>\n<\/ol>\n<ul>\n<li>Para titular menor de 65 a\u00f1os:<\/li>\n<\/ul>\n<ol style=\"list-style-type: lower-roman;\">\n<li>273,20\u20ac anuales con c\u00f3nyuge a cargo<\/li>\n<li>309,00\u20ac anuales sin c\u00f3nyuge. Unidad econ\u00f3mica independiente<\/li>\n<li>851,20\u20ac anuales con c\u00f3nyuge no a cargo<\/li>\n<\/ol>\n<p><span style=\"text-decoration: underline;\">PENSIONES M\u00cdNIMAS 2015<\/span><\/p>\n<p><a href=\"http:\/\/www.bufetgambus.com\/wp-content\/uploads\/2015\/04\/pensiones-minimas-2015-bufet-gambus.png\"><img loading=\"lazy\" decoding=\"async\" class=\"aligncenter wp-image-1649\" src=\"http:\/\/www.bufetgambus.com\/wp-content\/uploads\/2015\/04\/pensiones-minimas-2015-bufet-gambus.png\" alt=\"pensiones-minimas-2015-bufet-gambus\" width=\"735\" height=\"928\" \/><\/a><\/p>\n<p>&nbsp;<\/p>\n<p><span style=\"text-decoration: underline;\">PENSI\u00d3N M\u00c1XIMA 2015<\/span><\/p>\n<p>El l\u00edmite de pensi\u00f3n m\u00e1xima para este 2015 son:<\/p>\n<p><a href=\"http:\/\/www.bufetgambus.com\/wp-content\/uploads\/2015\/04\/pensiones-maximas-2015-bufet-gambus.png\"><img loading=\"lazy\" decoding=\"async\" class=\"aligncenter wp-image-1654\" src=\"http:\/\/www.bufetgambus.com\/wp-content\/uploads\/2015\/04\/pensiones-maximas-2015-bufet-gambus.png\" alt=\"pensiones-maximas-2015-bufet-gambus\" width=\"799\" height=\"415\" srcset=\"https:\/\/www.bufetgambus.com\/wp-content\/uploads\/2015\/04\/pensiones-maximas-2015-bufet-gambus.png 868w, https:\/\/www.bufetgambus.com\/wp-content\/uploads\/2015\/04\/pensiones-maximas-2015-bufet-gambus-150x78.png 150w, https:\/\/www.bufetgambus.com\/wp-content\/uploads\/2015\/04\/pensiones-maximas-2015-bufet-gambus-300x156.png 300w, https:\/\/www.bufetgambus.com\/wp-content\/uploads\/2015\/04\/pensiones-maximas-2015-bufet-gambus-600x312.png 600w\" sizes=\"auto, (max-width: 799px) 100vw, 799px\" \/><\/a><\/p>\n<ul>\n<li>Mensual: 2.560,88 euros\/mes<\/li>\n<li>Anual: 35.852,32 euros\/a\u00f1o<\/li>\n<\/ul>\n<p><span style=\"text-decoration: underline;\">PORCENTAJE<\/span><\/p>\n<p>La cuant\u00eda de la pension de jubilaci\u00f3n se determina aplicando a la base reguladora un porcentaje determinado en funci\u00f3n del tiempo cotizado por el trabajador. A esta cuant\u00eda a partir del 01\/01\/2019 le ser\u00e1 de aplicaci\u00f3n el factor de sostenibilidad que corresponda en cada momento.<\/p>\n<p>El porcentaje de aplicaci\u00f3n ha sido objeto de modificacion por la Ley 27\/2011, de 1 de agosto, sobre actualizaci\u00f3n, adecuaci\u00f3n y modernizaci\u00f3n del sistema de Seguridad Social, que eleva, de 35 a 37 a\u00f1os, el tiempo de cotizaci\u00f3n necesario para acceder al 100% de la base reguladora de la pension de jubilaci\u00f3n. Los porcentajes fijados en la nueva redacci\u00f3n del art\u00edculo 163 LGSS ser\u00e1n de aplicaci\u00f3n a partir del 1 de enero de 2027, estableci\u00e9ndose un per\u00edodo transitorio para los a\u00f1os 2013 a 2026. (<u>disp. trans. 21.\u00aa LGSS)<\/u><\/p>\n<p>Conforme a este per\u00edodo transitorio, durante los a\u00f1os 2013 a 2019 el porcentaje aplicable se calcular\u00e1 de acuerdo con la siguiente escala:<\/p>\n<ul>\n<li>Por los primeros 15 a\u00f1os cotizados: el 50%<\/li>\n<li>Por cada mes adicional de cotizaci\u00f3n entre los meses 1 y 163: el 0,21%<\/li>\n<li>Por los 83 meses siguientes: el 0,19%<\/li>\n<\/ul>\n<p>&nbsp;<\/p>\n<p>Recuerde consultar con Bufet Gamb\u00fas sin compromiso, su <strong>bufete de abogados de confianza en Barcelona.<\/strong><\/p>\n","protected":false},"excerpt":{"rendered":"<p>Real Decreto 1107\/2014, de 26 de diciembre, sobre revalorizaci\u00f3n de las pensiones del sistema de la Seguridad Social y de otras prestaciones sociales p\u00fablicas para el ejercicio 2015. Art. 40 de Ley 36\/2014, de 26 de diciembre, de Presupuestos Generales del Estado para el a\u00f1o 2015. Art. 48 de Real Decreto Legislativo 1\/1994, de 20 [&hellip;]<\/p>\n","protected":false},"author":5,"featured_media":2611,"comment_status":"open","ping_status":"open","sticky":false,"template":"","format":"standard","meta":{"footnotes":""},"categories":[97,19],"tags":[155,130,131],"class_list":["post-2608","post","type-post","status-publish","format-standard","has-post-thumbnail","hentry","category-derecho-laboral-en","category-sin-categoria-en","tag-jubilacion-2015-en","tag-laboral-en","tag-pensiones-en"],"yoast_head":"<!-- This site is optimized with the Yoast SEO plugin v21.4 - https:\/\/yoast.com\/wordpress\/plugins\/seo\/ -->\n<title>Revalorizaci\u00f3n de las pensiones | Bufet Gambus - Advocats i Economistes<\/title>\n<meta name=\"description\" content=\"La cuant\u00eda de las pensiones de jubilaci\u00f3n se determinan aplicando a la base reguladora un porcentaje determinado en funci\u00f3n del tiempo cotizado.\" \/>\n<meta name=\"robots\" content=\"index, follow, max-snippet:-1, max-image-preview:large, max-video-preview:-1\" \/>\n<link rel=\"canonical\" href=\"https:\/\/www.bufetgambus.com\/en\/revalorizacion-de-las-pensiones\/\" \/>\n<meta property=\"og:locale\" content=\"en_US\" \/>\n<meta property=\"og:type\" content=\"article\" \/>\n<meta property=\"og:title\" content=\"Revalorizaci\u00f3n de las pensiones | Bufet Gambus - Advocats i Economistes\" \/>\n<meta property=\"og:description\" content=\"La cuant\u00eda de las pensiones de jubilaci\u00f3n se determinan aplicando a la base reguladora un porcentaje determinado en funci\u00f3n del tiempo cotizado.\" \/>\n<meta property=\"og:url\" content=\"https:\/\/www.bufetgambus.com\/en\/revalorizacion-de-las-pensiones\/\" \/>\n<meta property=\"og:site_name\" content=\"Bufet Gambus\" \/>\n<meta property=\"article:published_time\" content=\"2015-04-25T16:51:58+00:00\" \/>\n<meta property=\"article:modified_time\" content=\"2018-08-08T10:43:45+00:00\" \/>\n<meta property=\"og:image\" content=\"https:\/\/www.bufetgambus.com\/wp-content\/uploads\/2015\/05\/revalorizacion-pensiones-2015-bufet-gambus.jpg\" \/>\n\t<meta property=\"og:image:width\" content=\"693\" \/>\n\t<meta property=\"og:image:height\" content=\"400\" \/>\n\t<meta property=\"og:image:type\" content=\"image\/jpeg\" \/>\n<meta name=\"author\" content=\"Luzneyla\" \/>\n<meta name=\"twitter:card\" content=\"summary_large_image\" \/>\n<meta name=\"twitter:label1\" content=\"Written by\" \/>\n\t<meta name=\"twitter:data1\" content=\"Luzneyla\" \/>\n\t<meta name=\"twitter:label2\" content=\"Est. reading time\" \/>\n\t<meta name=\"twitter:data2\" content=\"2 minutes\" \/>\n<script type=\"application\/ld+json\" class=\"yoast-schema-graph\">{\"@context\":\"https:\/\/schema.org\",\"@graph\":[{\"@type\":\"Article\",\"@id\":\"https:\/\/www.bufetgambus.com\/en\/revalorizacion-de-las-pensiones\/#article\",\"isPartOf\":{\"@id\":\"https:\/\/www.bufetgambus.com\/en\/revalorizacion-de-las-pensiones\/\"},\"author\":{\"name\":\"Luzneyla\",\"@id\":\"https:\/\/www.bufetgambus.com\/#\/schema\/person\/cace25d8f22675c0115f46590b3fe563\"},\"headline\":\"Revalorizaci\u00f3n de las pensiones\",\"datePublished\":\"2015-04-25T16:51:58+00:00\",\"dateModified\":\"2018-08-08T10:43:45+00:00\",\"mainEntityOfPage\":{\"@id\":\"https:\/\/www.bufetgambus.com\/en\/revalorizacion-de-las-pensiones\/\"},\"wordCount\":481,\"commentCount\":0,\"publisher\":{\"@id\":\"https:\/\/www.bufetgambus.com\/#organization\"},\"keywords\":[\"jubilacion 2015\",\"laboral\",\"pensiones\"],\"articleSection\":[\"Derecho laboral\",\"Sin categor\u00eda\"],\"inLanguage\":\"en-US\",\"potentialAction\":[{\"@type\":\"CommentAction\",\"name\":\"Comment\",\"target\":[\"https:\/\/www.bufetgambus.com\/en\/revalorizacion-de-las-pensiones\/#respond\"]}]},{\"@type\":\"WebPage\",\"@id\":\"https:\/\/www.bufetgambus.com\/en\/revalorizacion-de-las-pensiones\/\",\"url\":\"https:\/\/www.bufetgambus.com\/en\/revalorizacion-de-las-pensiones\/\",\"name\":\"Revalorizaci\u00f3n de las pensiones | Bufet Gambus - Advocats i Economistes\",\"isPartOf\":{\"@id\":\"https:\/\/www.bufetgambus.com\/#website\"},\"datePublished\":\"2015-04-25T16:51:58+00:00\",\"dateModified\":\"2018-08-08T10:43:45+00:00\",\"description\":\"La cuant\u00eda de las pensiones de jubilaci\u00f3n se determinan aplicando a la base reguladora un porcentaje determinado en funci\u00f3n del tiempo cotizado.\",\"breadcrumb\":{\"@id\":\"https:\/\/www.bufetgambus.com\/en\/revalorizacion-de-las-pensiones\/#breadcrumb\"},\"inLanguage\":\"en-US\",\"potentialAction\":[{\"@type\":\"ReadAction\",\"target\":[\"https:\/\/www.bufetgambus.com\/en\/revalorizacion-de-las-pensiones\/\"]}]},{\"@type\":\"BreadcrumbList\",\"@id\":\"https:\/\/www.bufetgambus.com\/en\/revalorizacion-de-las-pensiones\/#breadcrumb\",\"itemListElement\":[{\"@type\":\"ListItem\",\"position\":1,\"name\":\"Portada\",\"item\":\"https:\/\/www.bufetgambus.com\/en\/\"},{\"@type\":\"ListItem\",\"position\":2,\"name\":\"Revalorizaci\u00f3n de las pensiones\"}]},{\"@type\":\"WebSite\",\"@id\":\"https:\/\/www.bufetgambus.com\/#website\",\"url\":\"https:\/\/www.bufetgambus.com\/\",\"name\":\"Bufet Gambus\",\"description\":\"\",\"publisher\":{\"@id\":\"https:\/\/www.bufetgambus.com\/#organization\"},\"potentialAction\":[{\"@type\":\"SearchAction\",\"target\":{\"@type\":\"EntryPoint\",\"urlTemplate\":\"https:\/\/www.bufetgambus.com\/?s={search_term_string}\"},\"query-input\":\"required name=search_term_string\"}],\"inLanguage\":\"en-US\"},{\"@type\":\"Organization\",\"@id\":\"https:\/\/www.bufetgambus.com\/#organization\",\"name\":\"Bufet Gamb\u00fas - Advocats i Economistes\",\"url\":\"https:\/\/www.bufetgambus.com\/\",\"logo\":{\"@type\":\"ImageObject\",\"inLanguage\":\"en-US\",\"@id\":\"https:\/\/www.bufetgambus.com\/#\/schema\/logo\/image\/\",\"url\":\"https:\/\/www.bufetgambus.com\/wp-content\/uploads\/2018\/04\/Logo-bufet-gambus-renovado.png\",\"contentUrl\":\"https:\/\/www.bufetgambus.com\/wp-content\/uploads\/2018\/04\/Logo-bufet-gambus-renovado.png\",\"width\":1200,\"height\":404,\"caption\":\"Bufet Gamb\u00fas - Advocats i Economistes\"},\"image\":{\"@id\":\"https:\/\/www.bufetgambus.com\/#\/schema\/logo\/image\/\"}},{\"@type\":\"Person\",\"@id\":\"https:\/\/www.bufetgambus.com\/#\/schema\/person\/cace25d8f22675c0115f46590b3fe563\",\"name\":\"Luzneyla\",\"image\":{\"@type\":\"ImageObject\",\"inLanguage\":\"en-US\",\"@id\":\"https:\/\/www.bufetgambus.com\/#\/schema\/person\/image\/\",\"url\":\"https:\/\/secure.gravatar.com\/avatar\/4869a69aa5a5f2f3d0250918aa4a98c8c9d75ca103c2546116ddfe0e8f789ef6?s=96&d=mm&r=g\",\"contentUrl\":\"https:\/\/secure.gravatar.com\/avatar\/4869a69aa5a5f2f3d0250918aa4a98c8c9d75ca103c2546116ddfe0e8f789ef6?s=96&d=mm&r=g\",\"caption\":\"Luzneyla\"}}]}<\/script>\n<!-- \/ Yoast SEO plugin. -->","yoast_head_json":{"title":"Revalorizaci\u00f3n de las pensiones | Bufet Gambus - Advocats i Economistes","description":"La cuant\u00eda de las pensiones de jubilaci\u00f3n se determinan aplicando a la base reguladora un porcentaje determinado en funci\u00f3n del tiempo cotizado.","robots":{"index":"index","follow":"follow","max-snippet":"max-snippet:-1","max-image-preview":"max-image-preview:large","max-video-preview":"max-video-preview:-1"},"canonical":"https:\/\/www.bufetgambus.com\/en\/revalorizacion-de-las-pensiones\/","og_locale":"en_US","og_type":"article","og_title":"Revalorizaci\u00f3n de las pensiones | Bufet Gambus - Advocats i Economistes","og_description":"La cuant\u00eda de las pensiones de jubilaci\u00f3n se determinan aplicando a la base reguladora un porcentaje determinado en funci\u00f3n del tiempo cotizado.","og_url":"https:\/\/www.bufetgambus.com\/en\/revalorizacion-de-las-pensiones\/","og_site_name":"Bufet Gambus","article_published_time":"2015-04-25T16:51:58+00:00","article_modified_time":"2018-08-08T10:43:45+00:00","og_image":[{"width":693,"height":400,"url":"https:\/\/www.bufetgambus.com\/wp-content\/uploads\/2015\/05\/revalorizacion-pensiones-2015-bufet-gambus.jpg","type":"image\/jpeg"}],"author":"Luzneyla","twitter_card":"summary_large_image","twitter_misc":{"Written by":"Luzneyla","Est. reading time":"2 minutes"},"schema":{"@context":"https:\/\/schema.org","@graph":[{"@type":"Article","@id":"https:\/\/www.bufetgambus.com\/en\/revalorizacion-de-las-pensiones\/#article","isPartOf":{"@id":"https:\/\/www.bufetgambus.com\/en\/revalorizacion-de-las-pensiones\/"},"author":{"name":"Luzneyla","@id":"https:\/\/www.bufetgambus.com\/#\/schema\/person\/cace25d8f22675c0115f46590b3fe563"},"headline":"Revalorizaci\u00f3n de las pensiones","datePublished":"2015-04-25T16:51:58+00:00","dateModified":"2018-08-08T10:43:45+00:00","mainEntityOfPage":{"@id":"https:\/\/www.bufetgambus.com\/en\/revalorizacion-de-las-pensiones\/"},"wordCount":481,"commentCount":0,"publisher":{"@id":"https:\/\/www.bufetgambus.com\/#organization"},"keywords":["jubilacion 2015","laboral","pensiones"],"articleSection":["Derecho laboral","Sin categor\u00eda"],"inLanguage":"en-US","potentialAction":[{"@type":"CommentAction","name":"Comment","target":["https:\/\/www.bufetgambus.com\/en\/revalorizacion-de-las-pensiones\/#respond"]}]},{"@type":"WebPage","@id":"https:\/\/www.bufetgambus.com\/en\/revalorizacion-de-las-pensiones\/","url":"https:\/\/www.bufetgambus.com\/en\/revalorizacion-de-las-pensiones\/","name":"Revalorizaci\u00f3n de las pensiones | Bufet Gambus - Advocats i Economistes","isPartOf":{"@id":"https:\/\/www.bufetgambus.com\/#website"},"datePublished":"2015-04-25T16:51:58+00:00","dateModified":"2018-08-08T10:43:45+00:00","description":"La cuant\u00eda de las pensiones de jubilaci\u00f3n se determinan aplicando a la base reguladora un porcentaje determinado en funci\u00f3n del tiempo cotizado.","breadcrumb":{"@id":"https:\/\/www.bufetgambus.com\/en\/revalorizacion-de-las-pensiones\/#breadcrumb"},"inLanguage":"en-US","potentialAction":[{"@type":"ReadAction","target":["https:\/\/www.bufetgambus.com\/en\/revalorizacion-de-las-pensiones\/"]}]},{"@type":"BreadcrumbList","@id":"https:\/\/www.bufetgambus.com\/en\/revalorizacion-de-las-pensiones\/#breadcrumb","itemListElement":[{"@type":"ListItem","position":1,"name":"Portada","item":"https:\/\/www.bufetgambus.com\/en\/"},{"@type":"ListItem","position":2,"name":"Revalorizaci\u00f3n de las pensiones"}]},{"@type":"WebSite","@id":"https:\/\/www.bufetgambus.com\/#website","url":"https:\/\/www.bufetgambus.com\/","name":"Bufet Gambus","description":"","publisher":{"@id":"https:\/\/www.bufetgambus.com\/#organization"},"potentialAction":[{"@type":"SearchAction","target":{"@type":"EntryPoint","urlTemplate":"https:\/\/www.bufetgambus.com\/?s={search_term_string}"},"query-input":"required name=search_term_string"}],"inLanguage":"en-US"},{"@type":"Organization","@id":"https:\/\/www.bufetgambus.com\/#organization","name":"Bufet Gamb\u00fas - Advocats i Economistes","url":"https:\/\/www.bufetgambus.com\/","logo":{"@type":"ImageObject","inLanguage":"en-US","@id":"https:\/\/www.bufetgambus.com\/#\/schema\/logo\/image\/","url":"https:\/\/www.bufetgambus.com\/wp-content\/uploads\/2018\/04\/Logo-bufet-gambus-renovado.png","contentUrl":"https:\/\/www.bufetgambus.com\/wp-content\/uploads\/2018\/04\/Logo-bufet-gambus-renovado.png","width":1200,"height":404,"caption":"Bufet Gamb\u00fas - Advocats i Economistes"},"image":{"@id":"https:\/\/www.bufetgambus.com\/#\/schema\/logo\/image\/"}},{"@type":"Person","@id":"https:\/\/www.bufetgambus.com\/#\/schema\/person\/cace25d8f22675c0115f46590b3fe563","name":"Luzneyla","image":{"@type":"ImageObject","inLanguage":"en-US","@id":"https:\/\/www.bufetgambus.com\/#\/schema\/person\/image\/","url":"https:\/\/secure.gravatar.com\/avatar\/4869a69aa5a5f2f3d0250918aa4a98c8c9d75ca103c2546116ddfe0e8f789ef6?s=96&d=mm&r=g","contentUrl":"https:\/\/secure.gravatar.com\/avatar\/4869a69aa5a5f2f3d0250918aa4a98c8c9d75ca103c2546116ddfe0e8f789ef6?s=96&d=mm&r=g","caption":"Luzneyla"}}]}},"_links":{"self":[{"href":"https:\/\/www.bufetgambus.com\/en\/wp-json\/wp\/v2\/posts\/2608","targetHints":{"allow":["GET"]}}],"collection":[{"href":"https:\/\/www.bufetgambus.com\/en\/wp-json\/wp\/v2\/posts"}],"about":[{"href":"https:\/\/www.bufetgambus.com\/en\/wp-json\/wp\/v2\/types\/post"}],"author":[{"embeddable":true,"href":"https:\/\/www.bufetgambus.com\/en\/wp-json\/wp\/v2\/users\/5"}],"replies":[{"embeddable":true,"href":"https:\/\/www.bufetgambus.com\/en\/wp-json\/wp\/v2\/comments?post=2608"}],"version-history":[{"count":4,"href":"https:\/\/www.bufetgambus.com\/en\/wp-json\/wp\/v2\/posts\/2608\/revisions"}],"predecessor-version":[{"id":3181,"href":"https:\/\/www.bufetgambus.com\/en\/wp-json\/wp\/v2\/posts\/2608\/revisions\/3181"}],"wp:featuredmedia":[{"embeddable":true,"href":"https:\/\/www.bufetgambus.com\/en\/wp-json\/wp\/v2\/media\/2611"}],"wp:attachment":[{"href":"https:\/\/www.bufetgambus.com\/en\/wp-json\/wp\/v2\/media?parent=2608"}],"wp:term":[{"taxonomy":"category","embeddable":true,"href":"https:\/\/www.bufetgambus.com\/en\/wp-json\/wp\/v2\/categories?post=2608"},{"taxonomy":"post_tag","embeddable":true,"href":"https:\/\/www.bufetgambus.com\/en\/wp-json\/wp\/v2\/tags?post=2608"}],"curies":[{"name":"wp","href":"https:\/\/api.w.org\/{rel}","templated":true}]}}