{"id":2596,"date":"2015-05-21T16:46:55","date_gmt":"2015-05-21T16:46:55","guid":{"rendered":"http:\/\/www.bufetgambus.com\/en\/elecciones-pinceladas\/"},"modified":"2018-06-13T17:00:32","modified_gmt":"2018-06-13T15:00:32","slug":"elecciones-pinceladas","status":"publish","type":"post","link":"https:\/\/www.bufetgambus.com\/en\/elecciones-pinceladas\/","title":{"rendered":"ELECCIONES-PINCELADAS"},"content":{"rendered":"<p><strong><u>ELECCIONES-PINCELADAS<\/u><\/strong><\/p>\n<p>De nuevo ante unas <strong>elecciones-pinceladas<\/strong>, municipales en Catalunya y Auton\u00f3micas en el resto el Estado, de nuevo el baile de siglas, partidos, agrupaciones electorales\u2026\u2026, slogans,\u00a0 etc. El ciudadano de a pie asiste al espect\u00e1culo, pero que es lo que realmente le interesa?, desde luego no el cruce de insultos, reproches, amenazas veladas, pactos futuros y dem\u00e1s zarandajas. Aquello que le interesa es lo que afecta su forma de vivir, a los problemas cotidianos que le afectan,\u00a0 estas <strong>elecciones<\/strong> enmascaran dos grandes temas subyacentes: la estructura de Estado y el enfoque de la supervivencia del Estado del Bienestar.<!--more--><\/p>\n<p><strong>PRIMERA PINCELADA<\/strong><\/p>\n<p>La estructura de estado se dilucida en tres posturas actualmente: el estado centralista; el federal; o la ruptura e independencia de algunos territorios, en este tema todos los partidos y agrupaciones utilizan grandes frases in concreci\u00f3n alguna en el terreno econ\u00f3mico del que depende el social. Nadie habla de c\u00f3mo su postura puede eliminar la desigualdad territorial o social \u00a0o de c\u00f3mo se va a sustentar econ\u00f3micamente la estructura que \u00e9l o ellos defienden. Alguien ha o\u00eddo m\u00e1s all\u00e1 de grandes frases una explicaci\u00f3n racional y racionada de c\u00f3mo conseguir el fin que se pretende?.<\/p>\n<p><strong>SEGUNDA PINCELADA<\/strong><\/p>\n<p>Mantener el Estado Centralista: no es posible sin solucionar la redistribuci\u00f3n econ\u00f3mica de los ingresos y de elaborar pactos fiscales que adecuen esos recursos a la realidad de cada territorio \u2013 la famosa tercera v\u00eda-. Ninguna explicaci\u00f3n, la contienda se reduce al \u201cyo quiero\u201d de una parte y al \u201cno a todo\u201d de la otra.<\/p>\n<p><strong>TERCERA PINCELADA<\/strong><\/p>\n<p>Estado Federal: \u00bfC\u00f3mo? \u00bfSim\u00e9trico o asim\u00e9trico?, \u00bftrasversal o piramidal?, \u00bfcon que financiaci\u00f3n?, \u00bfcon que estructuras pol\u00edticas y sus competencias respectivas?. Ninguna concreci\u00f3n. Un slogan sin base t\u00e9cnica.<\/p>\n<p><strong>CUARTA PINCELADA<\/strong><\/p>\n<p>Independencia de parte del territorio: \u00bfy el d\u00eda despu\u00e9s?; \u00bfC\u00f3mo se autofinancian esos territorios?; \u00bfQu\u00e9 ocurre con las organizaciones supranacionales a las que pertenece el Estado?; \u00bfC\u00f3mo se integran en ellas los nuevos territorios?; \u00bfC\u00f3mo se construye un erario publico?; \u00bfC\u00f3mo atienden a las obligaciones que le afectan y a las necesidades de todo tipo de sus nacionales? Inconcreci\u00f3n total.<\/p>\n<p><strong>QUINTA PINCELADA<\/strong><\/p>\n<p>En cuanto al mantenimiento del Estado del Bienestar: cuantos partidos o agrupaciones electorales nos presentan un programa serio, pensado, valorado y operativo m\u00e1s all\u00e1 del slogan de campa\u00f1a y de frases m\u00e1s o menos demag\u00f3gicas. Ninguno.<\/p>\n<p>No ha de extra\u00f1ar a nadie el alto porcentaje de indecisos que reflejan las encuestas pre-electorales, estamos a tres d\u00edas de las <strong>elecciones<\/strong>, no hay elementos de juicios serios ni valorables: \u00bfvotar? \u00bfQu\u00e9?<\/p>\n<p>&nbsp;<\/p>\n<p>XAVIER GAMBUS I PICART<\/p>\n<p>(Abogado fundador del bufete de abogados de Barcelona Bufet Gamb\u00fas)<\/p>\n","protected":false},"excerpt":{"rendered":"<p>ELECCIONES-PINCELADAS De nuevo ante unas elecciones-pinceladas, municipales en Catalunya y Auton\u00f3micas en el resto el Estado, de nuevo el baile de siglas, partidos, agrupaciones electorales\u2026\u2026, slogans,\u00a0 etc. El ciudadano de a pie asiste al espect\u00e1culo, pero que es lo que realmente le interesa?, desde luego no el cruce de insultos, reproches, amenazas veladas, pactos futuros [&hellip;]<\/p>\n","protected":false},"author":5,"featured_media":2598,"comment_status":"open","ping_status":"open","sticky":false,"template":"","format":"standard","meta":{"footnotes":""},"categories":[98,19],"tags":[128,129,147,148],"class_list":["post-2596","post","type-post","status-publish","format-standard","has-post-thumbnail","hentry","category-actualidad-en","category-sin-categoria-en","tag-elecciones-en","tag-estado-en","tag-pinceladas-en","tag-votar-en"],"yoast_head":"<!-- This site is optimized with the Yoast SEO plugin v21.4 - https:\/\/yoast.com\/wordpress\/plugins\/seo\/ -->\n<title>Elecciones-Pinceladas Auton\u00f3micas en el Estado | Bufet Gamb\u00fas<\/title>\n<meta name=\"description\" content=\"Ofrecemos asesoramiento legal y propondremos soluciones de los problemas legales que pueda tener.En el art\u00edculo de hoy trataremos sobre las elecciones.\" \/>\n<meta name=\"robots\" content=\"index, follow, max-snippet:-1, max-image-preview:large, max-video-preview:-1\" \/>\n<link rel=\"canonical\" href=\"https:\/\/www.bufetgambus.com\/en\/elecciones-pinceladas\/\" \/>\n<meta property=\"og:locale\" content=\"en_US\" \/>\n<meta property=\"og:type\" content=\"article\" \/>\n<meta property=\"og:title\" content=\"Elecciones-Pinceladas Auton\u00f3micas en el Estado | Bufet Gamb\u00fas\" \/>\n<meta property=\"og:description\" content=\"Ofrecemos asesoramiento legal y propondremos soluciones de los problemas legales que pueda tener.En el art\u00edculo de hoy trataremos sobre las elecciones.\" \/>\n<meta property=\"og:url\" content=\"https:\/\/www.bufetgambus.com\/en\/elecciones-pinceladas\/\" \/>\n<meta property=\"og:site_name\" content=\"Bufet Gambus\" \/>\n<meta property=\"article:published_time\" content=\"2015-05-21T16:46:55+00:00\" \/>\n<meta property=\"article:modified_time\" content=\"2018-06-13T15:00:32+00:00\" \/>\n<meta property=\"og:image\" content=\"https:\/\/www.bufetgambus.com\/wp-content\/uploads\/2015\/05\/foto-elecciones1.jpg\" \/>\n\t<meta property=\"og:image:width\" content=\"1694\" \/>\n\t<meta property=\"og:image:height\" content=\"1690\" \/>\n\t<meta property=\"og:image:type\" content=\"image\/jpeg\" \/>\n<meta name=\"author\" content=\"Luzneyla\" \/>\n<meta name=\"twitter:card\" content=\"summary_large_image\" \/>\n<meta name=\"twitter:label1\" content=\"Written by\" \/>\n\t<meta name=\"twitter:data1\" content=\"Luzneyla\" \/>\n\t<meta name=\"twitter:label2\" content=\"Est. reading time\" \/>\n\t<meta name=\"twitter:data2\" content=\"2 minutes\" \/>\n<script type=\"application\/ld+json\" class=\"yoast-schema-graph\">{\"@context\":\"https:\/\/schema.org\",\"@graph\":[{\"@type\":\"Article\",\"@id\":\"https:\/\/www.bufetgambus.com\/en\/elecciones-pinceladas\/#article\",\"isPartOf\":{\"@id\":\"https:\/\/www.bufetgambus.com\/en\/elecciones-pinceladas\/\"},\"author\":{\"name\":\"Luzneyla\",\"@id\":\"https:\/\/www.bufetgambus.com\/#\/schema\/person\/cace25d8f22675c0115f46590b3fe563\"},\"headline\":\"ELECCIONES-PINCELADAS\",\"datePublished\":\"2015-05-21T16:46:55+00:00\",\"dateModified\":\"2018-06-13T15:00:32+00:00\",\"mainEntityOfPage\":{\"@id\":\"https:\/\/www.bufetgambus.com\/en\/elecciones-pinceladas\/\"},\"wordCount\":466,\"commentCount\":0,\"publisher\":{\"@id\":\"https:\/\/www.bufetgambus.com\/#organization\"},\"keywords\":[\"elecciones\",\"Estado\",\"pinceladas\",\"votar\"],\"articleSection\":[\"Actualidad\",\"Sin categor\u00eda\"],\"inLanguage\":\"en-US\",\"potentialAction\":[{\"@type\":\"CommentAction\",\"name\":\"Comment\",\"target\":[\"https:\/\/www.bufetgambus.com\/en\/elecciones-pinceladas\/#respond\"]}]},{\"@type\":\"WebPage\",\"@id\":\"https:\/\/www.bufetgambus.com\/en\/elecciones-pinceladas\/\",\"url\":\"https:\/\/www.bufetgambus.com\/en\/elecciones-pinceladas\/\",\"name\":\"Elecciones-Pinceladas Auton\u00f3micas en el Estado | Bufet Gamb\u00fas\",\"isPartOf\":{\"@id\":\"https:\/\/www.bufetgambus.com\/#website\"},\"datePublished\":\"2015-05-21T16:46:55+00:00\",\"dateModified\":\"2018-06-13T15:00:32+00:00\",\"description\":\"Ofrecemos asesoramiento legal y propondremos soluciones de los problemas legales que pueda tener.En el art\u00edculo de hoy trataremos sobre las elecciones.\",\"breadcrumb\":{\"@id\":\"https:\/\/www.bufetgambus.com\/en\/elecciones-pinceladas\/#breadcrumb\"},\"inLanguage\":\"en-US\",\"potentialAction\":[{\"@type\":\"ReadAction\",\"target\":[\"https:\/\/www.bufetgambus.com\/en\/elecciones-pinceladas\/\"]}]},{\"@type\":\"BreadcrumbList\",\"@id\":\"https:\/\/www.bufetgambus.com\/en\/elecciones-pinceladas\/#breadcrumb\",\"itemListElement\":[{\"@type\":\"ListItem\",\"position\":1,\"name\":\"Portada\",\"item\":\"https:\/\/www.bufetgambus.com\/en\/\"},{\"@type\":\"ListItem\",\"position\":2,\"name\":\"ELECCIONES-PINCELADAS\"}]},{\"@type\":\"WebSite\",\"@id\":\"https:\/\/www.bufetgambus.com\/#website\",\"url\":\"https:\/\/www.bufetgambus.com\/\",\"name\":\"Bufet Gambus\",\"description\":\"\",\"publisher\":{\"@id\":\"https:\/\/www.bufetgambus.com\/#organization\"},\"potentialAction\":[{\"@type\":\"SearchAction\",\"target\":{\"@type\":\"EntryPoint\",\"urlTemplate\":\"https:\/\/www.bufetgambus.com\/?s={search_term_string}\"},\"query-input\":\"required name=search_term_string\"}],\"inLanguage\":\"en-US\"},{\"@type\":\"Organization\",\"@id\":\"https:\/\/www.bufetgambus.com\/#organization\",\"name\":\"Bufet Gamb\u00fas - Advocats i Economistes\",\"url\":\"https:\/\/www.bufetgambus.com\/\",\"logo\":{\"@type\":\"ImageObject\",\"inLanguage\":\"en-US\",\"@id\":\"https:\/\/www.bufetgambus.com\/#\/schema\/logo\/image\/\",\"url\":\"https:\/\/www.bufetgambus.com\/wp-content\/uploads\/2018\/04\/Logo-bufet-gambus-renovado.png\",\"contentUrl\":\"https:\/\/www.bufetgambus.com\/wp-content\/uploads\/2018\/04\/Logo-bufet-gambus-renovado.png\",\"width\":1200,\"height\":404,\"caption\":\"Bufet Gamb\u00fas - Advocats i Economistes\"},\"image\":{\"@id\":\"https:\/\/www.bufetgambus.com\/#\/schema\/logo\/image\/\"}},{\"@type\":\"Person\",\"@id\":\"https:\/\/www.bufetgambus.com\/#\/schema\/person\/cace25d8f22675c0115f46590b3fe563\",\"name\":\"Luzneyla\",\"image\":{\"@type\":\"ImageObject\",\"inLanguage\":\"en-US\",\"@id\":\"https:\/\/www.bufetgambus.com\/#\/schema\/person\/image\/\",\"url\":\"https:\/\/secure.gravatar.com\/avatar\/4869a69aa5a5f2f3d0250918aa4a98c8c9d75ca103c2546116ddfe0e8f789ef6?s=96&d=mm&r=g\",\"contentUrl\":\"https:\/\/secure.gravatar.com\/avatar\/4869a69aa5a5f2f3d0250918aa4a98c8c9d75ca103c2546116ddfe0e8f789ef6?s=96&d=mm&r=g\",\"caption\":\"Luzneyla\"}}]}<\/script>\n<!-- \/ Yoast SEO plugin. -->","yoast_head_json":{"title":"Elecciones-Pinceladas Auton\u00f3micas en el Estado | Bufet Gamb\u00fas","description":"Ofrecemos asesoramiento legal y propondremos soluciones de los problemas legales que pueda tener.En el art\u00edculo de hoy trataremos sobre las elecciones.","robots":{"index":"index","follow":"follow","max-snippet":"max-snippet:-1","max-image-preview":"max-image-preview:large","max-video-preview":"max-video-preview:-1"},"canonical":"https:\/\/www.bufetgambus.com\/en\/elecciones-pinceladas\/","og_locale":"en_US","og_type":"article","og_title":"Elecciones-Pinceladas Auton\u00f3micas en el Estado | Bufet Gamb\u00fas","og_description":"Ofrecemos asesoramiento legal y propondremos soluciones de los problemas legales que pueda tener.En el art\u00edculo de hoy trataremos sobre las elecciones.","og_url":"https:\/\/www.bufetgambus.com\/en\/elecciones-pinceladas\/","og_site_name":"Bufet Gambus","article_published_time":"2015-05-21T16:46:55+00:00","article_modified_time":"2018-06-13T15:00:32+00:00","og_image":[{"width":1694,"height":1690,"url":"https:\/\/www.bufetgambus.com\/wp-content\/uploads\/2015\/05\/foto-elecciones1.jpg","type":"image\/jpeg"}],"author":"Luzneyla","twitter_card":"summary_large_image","twitter_misc":{"Written by":"Luzneyla","Est. reading time":"2 minutes"},"schema":{"@context":"https:\/\/schema.org","@graph":[{"@type":"Article","@id":"https:\/\/www.bufetgambus.com\/en\/elecciones-pinceladas\/#article","isPartOf":{"@id":"https:\/\/www.bufetgambus.com\/en\/elecciones-pinceladas\/"},"author":{"name":"Luzneyla","@id":"https:\/\/www.bufetgambus.com\/#\/schema\/person\/cace25d8f22675c0115f46590b3fe563"},"headline":"ELECCIONES-PINCELADAS","datePublished":"2015-05-21T16:46:55+00:00","dateModified":"2018-06-13T15:00:32+00:00","mainEntityOfPage":{"@id":"https:\/\/www.bufetgambus.com\/en\/elecciones-pinceladas\/"},"wordCount":466,"commentCount":0,"publisher":{"@id":"https:\/\/www.bufetgambus.com\/#organization"},"keywords":["elecciones","Estado","pinceladas","votar"],"articleSection":["Actualidad","Sin categor\u00eda"],"inLanguage":"en-US","potentialAction":[{"@type":"CommentAction","name":"Comment","target":["https:\/\/www.bufetgambus.com\/en\/elecciones-pinceladas\/#respond"]}]},{"@type":"WebPage","@id":"https:\/\/www.bufetgambus.com\/en\/elecciones-pinceladas\/","url":"https:\/\/www.bufetgambus.com\/en\/elecciones-pinceladas\/","name":"Elecciones-Pinceladas Auton\u00f3micas en el Estado | Bufet Gamb\u00fas","isPartOf":{"@id":"https:\/\/www.bufetgambus.com\/#website"},"datePublished":"2015-05-21T16:46:55+00:00","dateModified":"2018-06-13T15:00:32+00:00","description":"Ofrecemos asesoramiento legal y propondremos soluciones de los problemas legales que pueda tener.En el art\u00edculo de hoy trataremos sobre las elecciones.","breadcrumb":{"@id":"https:\/\/www.bufetgambus.com\/en\/elecciones-pinceladas\/#breadcrumb"},"inLanguage":"en-US","potentialAction":[{"@type":"ReadAction","target":["https:\/\/www.bufetgambus.com\/en\/elecciones-pinceladas\/"]}]},{"@type":"BreadcrumbList","@id":"https:\/\/www.bufetgambus.com\/en\/elecciones-pinceladas\/#breadcrumb","itemListElement":[{"@type":"ListItem","position":1,"name":"Portada","item":"https:\/\/www.bufetgambus.com\/en\/"},{"@type":"ListItem","position":2,"name":"ELECCIONES-PINCELADAS"}]},{"@type":"WebSite","@id":"https:\/\/www.bufetgambus.com\/#website","url":"https:\/\/www.bufetgambus.com\/","name":"Bufet Gambus","description":"","publisher":{"@id":"https:\/\/www.bufetgambus.com\/#organization"},"potentialAction":[{"@type":"SearchAction","target":{"@type":"EntryPoint","urlTemplate":"https:\/\/www.bufetgambus.com\/?s={search_term_string}"},"query-input":"required name=search_term_string"}],"inLanguage":"en-US"},{"@type":"Organization","@id":"https:\/\/www.bufetgambus.com\/#organization","name":"Bufet Gamb\u00fas - Advocats i Economistes","url":"https:\/\/www.bufetgambus.com\/","logo":{"@type":"ImageObject","inLanguage":"en-US","@id":"https:\/\/www.bufetgambus.com\/#\/schema\/logo\/image\/","url":"https:\/\/www.bufetgambus.com\/wp-content\/uploads\/2018\/04\/Logo-bufet-gambus-renovado.png","contentUrl":"https:\/\/www.bufetgambus.com\/wp-content\/uploads\/2018\/04\/Logo-bufet-gambus-renovado.png","width":1200,"height":404,"caption":"Bufet Gamb\u00fas - Advocats i Economistes"},"image":{"@id":"https:\/\/www.bufetgambus.com\/#\/schema\/logo\/image\/"}},{"@type":"Person","@id":"https:\/\/www.bufetgambus.com\/#\/schema\/person\/cace25d8f22675c0115f46590b3fe563","name":"Luzneyla","image":{"@type":"ImageObject","inLanguage":"en-US","@id":"https:\/\/www.bufetgambus.com\/#\/schema\/person\/image\/","url":"https:\/\/secure.gravatar.com\/avatar\/4869a69aa5a5f2f3d0250918aa4a98c8c9d75ca103c2546116ddfe0e8f789ef6?s=96&d=mm&r=g","contentUrl":"https:\/\/secure.gravatar.com\/avatar\/4869a69aa5a5f2f3d0250918aa4a98c8c9d75ca103c2546116ddfe0e8f789ef6?s=96&d=mm&r=g","caption":"Luzneyla"}}]}},"_links":{"self":[{"href":"https:\/\/www.bufetgambus.com\/en\/wp-json\/wp\/v2\/posts\/2596","targetHints":{"allow":["GET"]}}],"collection":[{"href":"https:\/\/www.bufetgambus.com\/en\/wp-json\/wp\/v2\/posts"}],"about":[{"href":"https:\/\/www.bufetgambus.com\/en\/wp-json\/wp\/v2\/types\/post"}],"author":[{"embeddable":true,"href":"https:\/\/www.bufetgambus.com\/en\/wp-json\/wp\/v2\/users\/5"}],"replies":[{"embeddable":true,"href":"https:\/\/www.bufetgambus.com\/en\/wp-json\/wp\/v2\/comments?post=2596"}],"version-history":[{"count":2,"href":"https:\/\/www.bufetgambus.com\/en\/wp-json\/wp\/v2\/posts\/2596\/revisions"}],"predecessor-version":[{"id":2955,"href":"https:\/\/www.bufetgambus.com\/en\/wp-json\/wp\/v2\/posts\/2596\/revisions\/2955"}],"wp:featuredmedia":[{"embeddable":true,"href":"https:\/\/www.bufetgambus.com\/en\/wp-json\/wp\/v2\/media\/2598"}],"wp:attachment":[{"href":"https:\/\/www.bufetgambus.com\/en\/wp-json\/wp\/v2\/media?parent=2596"}],"wp:term":[{"taxonomy":"category","embeddable":true,"href":"https:\/\/www.bufetgambus.com\/en\/wp-json\/wp\/v2\/categories?post=2596"},{"taxonomy":"post_tag","embeddable":true,"href":"https:\/\/www.bufetgambus.com\/en\/wp-json\/wp\/v2\/tags?post=2596"}],"curies":[{"name":"wp","href":"https:\/\/api.w.org\/{rel}","templated":true}]}}