{"id":2592,"date":"2015-06-08T17:21:00","date_gmt":"2015-06-08T17:21:00","guid":{"rendered":"http:\/\/www.bufetgambus.com\/en\/cumbre-del-grupo-de-los-7\/"},"modified":"2018-06-13T17:12:36","modified_gmt":"2018-06-13T15:12:36","slug":"cumbre-del-grupo-de-los-7","status":"publish","type":"post","link":"https:\/\/www.bufetgambus.com\/en\/cumbre-del-grupo-de-los-7\/","title":{"rendered":"CUMBRE DEL GRUPO DE LOS 7"},"content":{"rendered":"<p><strong>CUMBRE DEL GRUPO DE LOS 7<\/strong><\/p>\n<p><strong>\u00a0<\/strong>A prop\u00f3sito de la <strong>cumbre del grupo de los 7<\/strong>, de su reuni\u00f3n anual, y para los que no estamos al tanto de la historia de este grupo, fue constituido en 1973 y en la actualidad formado por Alemania, Canad\u00e1, Estados Unidos de America, Francia, Italia, Jap\u00f3n y Reino Unido. En 1998 se anexa al grupo Rusia G8, que en marzo de 2014 es excluida.<\/p>\n<p>Entre los temas de la agenda de la cumbre del grupo de los 7 de este a\u00f1o est\u00e1n entre otros los siguientes:<\/p>\n<ul>\n<li>Tratado de libre comercio Estados unidos y Europa<\/li>\n<li>La crisis de Ucrania<\/li>\n<li>Revisi\u00f3n de los objetivos del milenio<\/li>\n<li>Medio ambiente: protecci\u00f3n al medio ambiente, reducci\u00f3n de las emisiones, contaminaci\u00f3n de los oc\u00e9anos etc.<\/li>\n<li>Terrorismo Internacional<\/li>\n<li>Temas de salud<\/li>\n<\/ul>\n<p><!--more--><\/p>\n<p>Es de anotarse que la agenda es extensa, incluye macro temas, que afectan a miles de millones de personas en el mundo. Dos d\u00edas para tratar estos temas parecen insuficientes.<\/p>\n<p>Adicionalmente parece existir contradicciones, que aun el\u00a0 individuo mas desprevenido puede notar:<\/p>\n<p>En el misma <strong>cumbre del grupo de los 7<\/strong>, hay temas solo para Alemania y Estados Unidos; \u00c1ngela Merkel y Obama hablan antes de iniciarse el evento, se supone que de asuntos que los distancian, a ver si hay acuerdo entre ellos primero (asunto de las escuchas de la Agencia de Seguridad Nacional, y el tema de la pol\u00edtica de\u00a0 Alemania, frente a la crisis de Grecia). \u00bfPodr\u00e1 haber acuerdo en los temas a tratar en la <strong>cumbre del grupo de los 7<\/strong> si entre ellos hay desacuerdo?<\/p>\n<p>Otro tema de contradicci\u00f3n es que Alemania tiene una gran dificultad con el carb\u00f3n como fuente de energ\u00eda, y\u00a0 si no act\u00faa no va a conseguir reducci\u00f3n de las emisiones del 40 por ciento hasta el 2020.<\/p>\n<p>La agenda de este a\u00f1o, de la <strong>cumbre del grupo de los 7 <\/strong>incluye este tema y aun Alemania no ha resuelto el suyo. \u00bfTiene esto l\u00f3gica? \u00bfSer\u00e1 confiable la posici\u00f3n que adopte Alemania frente a este tema? Adicionalmente aun Jap\u00f3n no se compromete con los objetivos del clima. Miles de personas en el mundo dejan sus tierras a causa del cambio clim\u00e1tico. Estas\u00a0 personas fincan sus sue\u00f1os emigrando a pa\u00edses que luego no los quieren cerca de sus fronteras.<\/p>\n<p>Miles mueren tratando de buscar una vida mejor.<\/p>\n<p>Si los integrantes de la UE (algunos conforman el G7) tienen dificultades entre ellos mismos para ponerse de acuerdo con el reparto de las cuotas de inmigrantes llegados a sus costas. \u00bfPodr\u00e1 ser imparcial la posici\u00f3n de estos pa\u00edses?<\/p>\n<p>En lo referente al tratado de libre comercio, Estados unidos-Uni\u00f3n Europea sucede alguna que otra contradicci\u00f3n, en lo referente a que siguen sin tocar el valor de las tarifas que ya de por si son bajas. Lo importante es que es un gran pacto para el manejo y la gesti\u00f3n del comercio en ambos lados del Atl\u00e1ntico. En la redacci\u00f3n del texto final, no ha habido acuerdos, entre los pa\u00edses miembros.<\/p>\n<p>Lo que se toque de este tema en la <strong>cumbre del grupo de los 7,<\/strong> servir\u00e1\u00a0 de gu\u00eda para el acuerdo de este pr\u00f3ximo 10 de junio, en el parlamento Europeo.<\/p>\n<p>Si por principios el grupo de los 7 lucha contra el proteccionismo, entonces estamos, ante otra contradicci\u00f3n de principios.<\/p>\n<p>En lo relacionado a la pobreza seg\u00fan la definici\u00f3n del Banco Mundial. Umbral de pobreza es la l\u00ednea fijada en dos d\u00f3lares diarios por\u00a0persona (de igual\u00a0poder\u00a0adquisitivo), cantidad que se considera suficiente para la adquisici\u00f3n de productos necesarios para cubrir las necesidades b\u00e1sicas en los pa\u00edses con m\u00e1s bajos ingresos.<\/p>\n<p>Si m\u00e1s de mil millones de personas sufren el fen\u00f3meno de pobreza extrema, es decir sobreviven con menos de un d\u00f3lar por d\u00eda. <strong>La cumbre del grupo de los 7, <\/strong>crea una valiosa oportunidad para cumplir lo que en tantos documentos de sus reuniones anteriores fijan como uno de sus objetivos prioritarios, acabar\u00a0 con la pobreza extrema en el mundo cerca del 2030.<\/p>\n<p>Mas all\u00e1 del discurso, de las muestras de poder, luchar contra todos estos macro problemas es una labor dif\u00edcil, pero aun as\u00ed deber\u00e1n implementarse pol\u00edticas adecuadas de justicia social y crecimiento sostenido, impulso del desarrollo de las naciones pobres del mundo, luchar verdaderamente contra la pobreza, todo esto dotado de un marco jur\u00eddico que asegure su cumplimiento, solo as\u00ed avanzaremos hacia una sociedad mas igualitaria, y el grupo de los 7 podr\u00e1 llamarse verdaderamente &#8220;comunidad de valores compartidos&#8221;.<\/p>\n<p>Fuente:The World Bank Annual Report 2014<\/p>\n<p>&nbsp;<\/p>\n<p>Gertrudis Gonzalez Del Rio<\/p>\n<p>ECONOMISTA POR LA UNIVERSIDAD DE CARTAGENA (COLOMBIA)<\/p>\n<p>INVESTIGADORA Y TECNICA DE MERCADOS POR LA UNIVERSIDAD DE MURCIA<\/p>\n<p>Siga el blog de Bufet Gamb\u00fas,<strong> su bufete de abogados en Barcelona<\/strong>, para estar al d\u00eda de toda la actualidad del sector. No dude <a href=\"http:\/\/www.bufetgambus.com\/en\/contacto\/\">contactar<\/a> con nosotros para cualquier consulta!<\/p>\n","protected":false},"excerpt":{"rendered":"<p>CUMBRE DEL GRUPO DE LOS 7 \u00a0A prop\u00f3sito de la cumbre del grupo de los 7, de su reuni\u00f3n anual, y para los que no estamos al tanto de la historia de este grupo, fue constituido en 1973 y en la actualidad formado por Alemania, Canad\u00e1, Estados Unidos de America, Francia, Italia, Jap\u00f3n y Reino [&hellip;]<\/p>\n","protected":false},"author":5,"featured_media":2593,"comment_status":"open","ping_status":"open","sticky":false,"template":"","format":"standard","meta":{"footnotes":""},"categories":[139,19],"tags":[140,141,142],"class_list":["post-2592","post","type-post","status-publish","format-standard","has-post-thumbnail","hentry","category-comercio-exterior-en","category-sin-categoria-en","tag-7-en","tag-cumbre-en","tag-grupo-en"],"yoast_head":"<!-- This site is optimized with the Yoast SEO plugin v21.4 - https:\/\/yoast.com\/wordpress\/plugins\/seo\/ -->\n<title>CUMBRE DEL GRUPO DE LOS 7 | Bufet Gambus - Advocats i Economistes<\/title>\n<meta name=\"description\" content=\"Ofrecemos asesoramiento legal y propondremos soluciones de los problemas legales que pueda tener.Hoy trataremos sobre la cumbre del grupo de los 7.\" \/>\n<meta name=\"robots\" content=\"index, follow, max-snippet:-1, max-image-preview:large, max-video-preview:-1\" \/>\n<link rel=\"canonical\" href=\"https:\/\/www.bufetgambus.com\/en\/cumbre-del-grupo-de-los-7\/\" \/>\n<meta property=\"og:locale\" content=\"en_US\" \/>\n<meta property=\"og:type\" content=\"article\" \/>\n<meta property=\"og:title\" content=\"CUMBRE DEL GRUPO DE LOS 7 | Bufet Gambus - Advocats i Economistes\" \/>\n<meta property=\"og:description\" content=\"Ofrecemos asesoramiento legal y propondremos soluciones de los problemas legales que pueda tener.Hoy trataremos sobre la cumbre del grupo de los 7.\" \/>\n<meta property=\"og:url\" content=\"https:\/\/www.bufetgambus.com\/en\/cumbre-del-grupo-de-los-7\/\" \/>\n<meta property=\"og:site_name\" content=\"Bufet Gambus\" \/>\n<meta property=\"article:published_time\" content=\"2015-06-08T17:21:00+00:00\" \/>\n<meta property=\"article:modified_time\" content=\"2018-06-13T15:12:36+00:00\" \/>\n<meta property=\"og:image\" content=\"https:\/\/www.bufetgambus.com\/wp-content\/uploads\/2015\/06\/G7-PIC.jpg\" \/>\n\t<meta property=\"og:image:width\" content=\"660\" \/>\n\t<meta property=\"og:image:height\" content=\"440\" \/>\n\t<meta property=\"og:image:type\" content=\"image\/jpeg\" \/>\n<meta name=\"author\" content=\"Luzneyla\" \/>\n<meta name=\"twitter:card\" content=\"summary_large_image\" \/>\n<meta name=\"twitter:label1\" content=\"Written by\" \/>\n\t<meta name=\"twitter:data1\" content=\"Luzneyla\" \/>\n\t<meta name=\"twitter:label2\" content=\"Est. reading time\" \/>\n\t<meta name=\"twitter:data2\" content=\"4 minutes\" \/>\n<script type=\"application\/ld+json\" class=\"yoast-schema-graph\">{\"@context\":\"https:\/\/schema.org\",\"@graph\":[{\"@type\":\"Article\",\"@id\":\"https:\/\/www.bufetgambus.com\/en\/cumbre-del-grupo-de-los-7\/#article\",\"isPartOf\":{\"@id\":\"https:\/\/www.bufetgambus.com\/en\/cumbre-del-grupo-de-los-7\/\"},\"author\":{\"name\":\"Luzneyla\",\"@id\":\"https:\/\/www.bufetgambus.com\/#\/schema\/person\/cace25d8f22675c0115f46590b3fe563\"},\"headline\":\"CUMBRE DEL GRUPO DE LOS 7\",\"datePublished\":\"2015-06-08T17:21:00+00:00\",\"dateModified\":\"2018-06-13T15:12:36+00:00\",\"mainEntityOfPage\":{\"@id\":\"https:\/\/www.bufetgambus.com\/en\/cumbre-del-grupo-de-los-7\/\"},\"wordCount\":838,\"commentCount\":0,\"publisher\":{\"@id\":\"https:\/\/www.bufetgambus.com\/#organization\"},\"keywords\":[\"7\",\"CUMBRE\",\"GRUPO\"],\"articleSection\":[\"Comercio Exterior\",\"Sin categor\u00eda\"],\"inLanguage\":\"en-US\",\"potentialAction\":[{\"@type\":\"CommentAction\",\"name\":\"Comment\",\"target\":[\"https:\/\/www.bufetgambus.com\/en\/cumbre-del-grupo-de-los-7\/#respond\"]}]},{\"@type\":\"WebPage\",\"@id\":\"https:\/\/www.bufetgambus.com\/en\/cumbre-del-grupo-de-los-7\/\",\"url\":\"https:\/\/www.bufetgambus.com\/en\/cumbre-del-grupo-de-los-7\/\",\"name\":\"CUMBRE DEL GRUPO DE LOS 7 | Bufet Gambus - Advocats i Economistes\",\"isPartOf\":{\"@id\":\"https:\/\/www.bufetgambus.com\/#website\"},\"datePublished\":\"2015-06-08T17:21:00+00:00\",\"dateModified\":\"2018-06-13T15:12:36+00:00\",\"description\":\"Ofrecemos asesoramiento legal y propondremos soluciones de los problemas legales que pueda tener.Hoy trataremos sobre la cumbre del grupo de los 7.\",\"breadcrumb\":{\"@id\":\"https:\/\/www.bufetgambus.com\/en\/cumbre-del-grupo-de-los-7\/#breadcrumb\"},\"inLanguage\":\"en-US\",\"potentialAction\":[{\"@type\":\"ReadAction\",\"target\":[\"https:\/\/www.bufetgambus.com\/en\/cumbre-del-grupo-de-los-7\/\"]}]},{\"@type\":\"BreadcrumbList\",\"@id\":\"https:\/\/www.bufetgambus.com\/en\/cumbre-del-grupo-de-los-7\/#breadcrumb\",\"itemListElement\":[{\"@type\":\"ListItem\",\"position\":1,\"name\":\"Portada\",\"item\":\"https:\/\/www.bufetgambus.com\/en\/\"},{\"@type\":\"ListItem\",\"position\":2,\"name\":\"CUMBRE DEL GRUPO DE LOS 7\"}]},{\"@type\":\"WebSite\",\"@id\":\"https:\/\/www.bufetgambus.com\/#website\",\"url\":\"https:\/\/www.bufetgambus.com\/\",\"name\":\"Bufet Gambus\",\"description\":\"\",\"publisher\":{\"@id\":\"https:\/\/www.bufetgambus.com\/#organization\"},\"potentialAction\":[{\"@type\":\"SearchAction\",\"target\":{\"@type\":\"EntryPoint\",\"urlTemplate\":\"https:\/\/www.bufetgambus.com\/?s={search_term_string}\"},\"query-input\":\"required name=search_term_string\"}],\"inLanguage\":\"en-US\"},{\"@type\":\"Organization\",\"@id\":\"https:\/\/www.bufetgambus.com\/#organization\",\"name\":\"Bufet Gamb\u00fas - Advocats i Economistes\",\"url\":\"https:\/\/www.bufetgambus.com\/\",\"logo\":{\"@type\":\"ImageObject\",\"inLanguage\":\"en-US\",\"@id\":\"https:\/\/www.bufetgambus.com\/#\/schema\/logo\/image\/\",\"url\":\"https:\/\/www.bufetgambus.com\/wp-content\/uploads\/2018\/04\/Logo-bufet-gambus-renovado.png\",\"contentUrl\":\"https:\/\/www.bufetgambus.com\/wp-content\/uploads\/2018\/04\/Logo-bufet-gambus-renovado.png\",\"width\":1200,\"height\":404,\"caption\":\"Bufet Gamb\u00fas - Advocats i Economistes\"},\"image\":{\"@id\":\"https:\/\/www.bufetgambus.com\/#\/schema\/logo\/image\/\"}},{\"@type\":\"Person\",\"@id\":\"https:\/\/www.bufetgambus.com\/#\/schema\/person\/cace25d8f22675c0115f46590b3fe563\",\"name\":\"Luzneyla\",\"image\":{\"@type\":\"ImageObject\",\"inLanguage\":\"en-US\",\"@id\":\"https:\/\/www.bufetgambus.com\/#\/schema\/person\/image\/\",\"url\":\"https:\/\/secure.gravatar.com\/avatar\/4869a69aa5a5f2f3d0250918aa4a98c8c9d75ca103c2546116ddfe0e8f789ef6?s=96&d=mm&r=g\",\"contentUrl\":\"https:\/\/secure.gravatar.com\/avatar\/4869a69aa5a5f2f3d0250918aa4a98c8c9d75ca103c2546116ddfe0e8f789ef6?s=96&d=mm&r=g\",\"caption\":\"Luzneyla\"}}]}<\/script>\n<!-- \/ Yoast SEO plugin. -->","yoast_head_json":{"title":"CUMBRE DEL GRUPO DE LOS 7 | Bufet Gambus - Advocats i Economistes","description":"Ofrecemos asesoramiento legal y propondremos soluciones de los problemas legales que pueda tener.Hoy trataremos sobre la cumbre del grupo de los 7.","robots":{"index":"index","follow":"follow","max-snippet":"max-snippet:-1","max-image-preview":"max-image-preview:large","max-video-preview":"max-video-preview:-1"},"canonical":"https:\/\/www.bufetgambus.com\/en\/cumbre-del-grupo-de-los-7\/","og_locale":"en_US","og_type":"article","og_title":"CUMBRE DEL GRUPO DE LOS 7 | Bufet Gambus - Advocats i Economistes","og_description":"Ofrecemos asesoramiento legal y propondremos soluciones de los problemas legales que pueda tener.Hoy trataremos sobre la cumbre del grupo de los 7.","og_url":"https:\/\/www.bufetgambus.com\/en\/cumbre-del-grupo-de-los-7\/","og_site_name":"Bufet Gambus","article_published_time":"2015-06-08T17:21:00+00:00","article_modified_time":"2018-06-13T15:12:36+00:00","og_image":[{"width":660,"height":440,"url":"https:\/\/www.bufetgambus.com\/wp-content\/uploads\/2015\/06\/G7-PIC.jpg","type":"image\/jpeg"}],"author":"Luzneyla","twitter_card":"summary_large_image","twitter_misc":{"Written by":"Luzneyla","Est. reading time":"4 minutes"},"schema":{"@context":"https:\/\/schema.org","@graph":[{"@type":"Article","@id":"https:\/\/www.bufetgambus.com\/en\/cumbre-del-grupo-de-los-7\/#article","isPartOf":{"@id":"https:\/\/www.bufetgambus.com\/en\/cumbre-del-grupo-de-los-7\/"},"author":{"name":"Luzneyla","@id":"https:\/\/www.bufetgambus.com\/#\/schema\/person\/cace25d8f22675c0115f46590b3fe563"},"headline":"CUMBRE DEL GRUPO DE LOS 7","datePublished":"2015-06-08T17:21:00+00:00","dateModified":"2018-06-13T15:12:36+00:00","mainEntityOfPage":{"@id":"https:\/\/www.bufetgambus.com\/en\/cumbre-del-grupo-de-los-7\/"},"wordCount":838,"commentCount":0,"publisher":{"@id":"https:\/\/www.bufetgambus.com\/#organization"},"keywords":["7","CUMBRE","GRUPO"],"articleSection":["Comercio Exterior","Sin categor\u00eda"],"inLanguage":"en-US","potentialAction":[{"@type":"CommentAction","name":"Comment","target":["https:\/\/www.bufetgambus.com\/en\/cumbre-del-grupo-de-los-7\/#respond"]}]},{"@type":"WebPage","@id":"https:\/\/www.bufetgambus.com\/en\/cumbre-del-grupo-de-los-7\/","url":"https:\/\/www.bufetgambus.com\/en\/cumbre-del-grupo-de-los-7\/","name":"CUMBRE DEL GRUPO DE LOS 7 | Bufet Gambus - Advocats i Economistes","isPartOf":{"@id":"https:\/\/www.bufetgambus.com\/#website"},"datePublished":"2015-06-08T17:21:00+00:00","dateModified":"2018-06-13T15:12:36+00:00","description":"Ofrecemos asesoramiento legal y propondremos soluciones de los problemas legales que pueda tener.Hoy trataremos sobre la cumbre del grupo de los 7.","breadcrumb":{"@id":"https:\/\/www.bufetgambus.com\/en\/cumbre-del-grupo-de-los-7\/#breadcrumb"},"inLanguage":"en-US","potentialAction":[{"@type":"ReadAction","target":["https:\/\/www.bufetgambus.com\/en\/cumbre-del-grupo-de-los-7\/"]}]},{"@type":"BreadcrumbList","@id":"https:\/\/www.bufetgambus.com\/en\/cumbre-del-grupo-de-los-7\/#breadcrumb","itemListElement":[{"@type":"ListItem","position":1,"name":"Portada","item":"https:\/\/www.bufetgambus.com\/en\/"},{"@type":"ListItem","position":2,"name":"CUMBRE DEL GRUPO DE LOS 7"}]},{"@type":"WebSite","@id":"https:\/\/www.bufetgambus.com\/#website","url":"https:\/\/www.bufetgambus.com\/","name":"Bufet Gambus","description":"","publisher":{"@id":"https:\/\/www.bufetgambus.com\/#organization"},"potentialAction":[{"@type":"SearchAction","target":{"@type":"EntryPoint","urlTemplate":"https:\/\/www.bufetgambus.com\/?s={search_term_string}"},"query-input":"required name=search_term_string"}],"inLanguage":"en-US"},{"@type":"Organization","@id":"https:\/\/www.bufetgambus.com\/#organization","name":"Bufet Gamb\u00fas - Advocats i Economistes","url":"https:\/\/www.bufetgambus.com\/","logo":{"@type":"ImageObject","inLanguage":"en-US","@id":"https:\/\/www.bufetgambus.com\/#\/schema\/logo\/image\/","url":"https:\/\/www.bufetgambus.com\/wp-content\/uploads\/2018\/04\/Logo-bufet-gambus-renovado.png","contentUrl":"https:\/\/www.bufetgambus.com\/wp-content\/uploads\/2018\/04\/Logo-bufet-gambus-renovado.png","width":1200,"height":404,"caption":"Bufet Gamb\u00fas - Advocats i Economistes"},"image":{"@id":"https:\/\/www.bufetgambus.com\/#\/schema\/logo\/image\/"}},{"@type":"Person","@id":"https:\/\/www.bufetgambus.com\/#\/schema\/person\/cace25d8f22675c0115f46590b3fe563","name":"Luzneyla","image":{"@type":"ImageObject","inLanguage":"en-US","@id":"https:\/\/www.bufetgambus.com\/#\/schema\/person\/image\/","url":"https:\/\/secure.gravatar.com\/avatar\/4869a69aa5a5f2f3d0250918aa4a98c8c9d75ca103c2546116ddfe0e8f789ef6?s=96&d=mm&r=g","contentUrl":"https:\/\/secure.gravatar.com\/avatar\/4869a69aa5a5f2f3d0250918aa4a98c8c9d75ca103c2546116ddfe0e8f789ef6?s=96&d=mm&r=g","caption":"Luzneyla"}}]}},"_links":{"self":[{"href":"https:\/\/www.bufetgambus.com\/en\/wp-json\/wp\/v2\/posts\/2592","targetHints":{"allow":["GET"]}}],"collection":[{"href":"https:\/\/www.bufetgambus.com\/en\/wp-json\/wp\/v2\/posts"}],"about":[{"href":"https:\/\/www.bufetgambus.com\/en\/wp-json\/wp\/v2\/types\/post"}],"author":[{"embeddable":true,"href":"https:\/\/www.bufetgambus.com\/en\/wp-json\/wp\/v2\/users\/5"}],"replies":[{"embeddable":true,"href":"https:\/\/www.bufetgambus.com\/en\/wp-json\/wp\/v2\/comments?post=2592"}],"version-history":[{"count":3,"href":"https:\/\/www.bufetgambus.com\/en\/wp-json\/wp\/v2\/posts\/2592\/revisions"}],"predecessor-version":[{"id":2962,"href":"https:\/\/www.bufetgambus.com\/en\/wp-json\/wp\/v2\/posts\/2592\/revisions\/2962"}],"wp:featuredmedia":[{"embeddable":true,"href":"https:\/\/www.bufetgambus.com\/en\/wp-json\/wp\/v2\/media\/2593"}],"wp:attachment":[{"href":"https:\/\/www.bufetgambus.com\/en\/wp-json\/wp\/v2\/media?parent=2592"}],"wp:term":[{"taxonomy":"category","embeddable":true,"href":"https:\/\/www.bufetgambus.com\/en\/wp-json\/wp\/v2\/categories?post=2592"},{"taxonomy":"post_tag","embeddable":true,"href":"https:\/\/www.bufetgambus.com\/en\/wp-json\/wp\/v2\/tags?post=2592"}],"curies":[{"name":"wp","href":"https:\/\/api.w.org\/{rel}","templated":true}]}}