{"id":2576,"date":"2015-12-04T12:59:28","date_gmt":"2015-12-04T12:59:28","guid":{"rendered":"http:\/\/www.bufetgambus.com\/en\/nueva-forma-tramitacion-partes-incapacidad-temporal-seguridad-social\/"},"modified":"2018-06-13T17:06:35","modified_gmt":"2018-06-13T15:06:35","slug":"nueva-forma-tramitacion-partes-incapacidad-temporal-seguridad-social","status":"publish","type":"post","link":"https:\/\/www.bufetgambus.com\/en\/nueva-forma-tramitacion-partes-incapacidad-temporal-seguridad-social\/","title":{"rendered":"NUEVA FORMA DE TRAMITACI\u00d3N DE PARTES DE INCAPACIDAD TEMPORAL A LA SEGURIDAD SOCIAL"},"content":{"rendered":"<p>El 1 de diciembre de 2015 entra en vigor la <a href=\"http:\/\/www.boe.es\/diario_boe\/txt.php?id=BOE-A-2015-6839\">Orden ESS\/1187\/2015 de 15 de junio<\/a>, por la que se desarrolla el Real Decreto 625\/2014, de 18 de julio, por el que se regulan determinados aspectos de la gesti\u00f3n y control de los procesos por incapacidad temporal en los primeros trescientos sesenta y cinco d\u00edas de su duraci\u00f3n.<\/p>\n<p><em><span style=\"text-decoration: underline;\"><strong>TRAMITACI\u00d3N DE PARTES:<\/strong><\/span><\/em><\/p>\n<p><strong>Los partes de baja y de confirmaci\u00f3n <\/strong>el trabajador los entregar\u00e1 a la empresa, en el plazo de 3 d\u00edas, salvo que tuviera ya finalizado su contrato <a href=\"http:\/\/www.bufetgambus.com\/en\/employment-area\/\">laboral<\/a>, que entonces lo presentar\u00e1 ante la mutua; cabe entender que en contingencia profesional al extenderlo la propia Mutua no es necesario.<br \/>\n<strong>El parte de Alta<\/strong> el trabajador lo presentar\u00e1 en el plazo de las 24 horas siguientes a la expedici\u00f3n a la empresa o, en los casos de finalizaci\u00f3n del contrato, a la mutua; cabe entender que en contingencia profesional al extenderlo la propia Mutua no es necesario.<\/p>\n<p>En los procesos de duraci\u00f3n estimada muy corta, el trabajador presentar\u00e1 a la empresa la copia del parte baja\/alta destinada a ella dentro de las 24 horas siguientes a la fecha de alta. Excepcionalmente, si el facultativo emite el primer parte de confirmaci\u00f3n porque considere que el trabajador no ha recuperado su capacidad laboral, seg\u00fan lo dispuesto en el segundo p\u00e1rrafo del art\u00edculo 3.2., el trabajador lo presentar\u00e1 a la empresa dentro de las 24 horas siguiente a su expedici\u00f3n, junto con el parte de baja inicial.<\/p>\n<p>En los procesos de IT en los que proceda el pago directo del subsidio por el INSS\/ISM\/Mutua, el trabajador los presentar\u00e1 ante dichas entidades, utilizando para ello la copia destinada a la empresa.<\/p>\n<p>Atentamente,<\/p>\n<p><a href=\"http:\/\/www.bufetgambus.com\">BUFET GAMBUS<\/a><\/p>\n<p>&nbsp;<\/p>\n<p>Mas informaci\u00f3n<\/p>\n<p><a href=\"https:\/\/www.asepeyo.es\/\">https:\/\/www.asepeyo.es\/<\/a><\/p>\n<p><a href=\"http:\/\/www.mc-mutual.com\/\">http:\/\/www.mc-mutual.com\/<\/a><\/p>\n<p>No olvide <a href=\"http:\/\/www.bufetgambus.com\/en\/contacto\/\">contactar<\/a> con Bufet Gamb\u00fas, <strong>su despacho de abogados en Barcelona<\/strong>, para todo aquello que pueda necesitar.<\/p>\n","protected":false},"excerpt":{"rendered":"<p>El 1 de diciembre de 2015 entra en vigor la Orden ESS\/1187\/2015 de 15 de junio, por la que se desarrolla el Real Decreto 625\/2014, de 18 de julio, por el que se regulan determinados aspectos de la gesti\u00f3n y control de los procesos por incapacidad temporal en los primeros trescientos sesenta y cinco d\u00edas [&hellip;]<\/p>\n","protected":false},"author":5,"featured_media":2577,"comment_status":"open","ping_status":"open","sticky":false,"template":"","format":"standard","meta":{"footnotes":""},"categories":[98,19],"tags":[115,116,117,118,102,119,120],"class_list":["post-2576","post","type-post","status-publish","format-standard","has-post-thumbnail","hentry","category-actualidad-en","category-sin-categoria-en","tag-altas-en","tag-bajas-en","tag-confirmacion-en","tag-incapacidad-temporal-en","tag-inss-en","tag-mutua-en","tag-tramitacion-de-partes-en"],"yoast_head":"<!-- This site is optimized with the Yoast SEO plugin v21.4 - https:\/\/yoast.com\/wordpress\/plugins\/seo\/ -->\n<title>Tramitaci\u00f3n de partes de incapaciadad temporal | Bufet Gamb\u00fas<\/title>\n<meta name=\"description\" content=\"En el art\u00edculo de hoy trataremos sobre la nueva forma de tramitaci\u00f3n de partes por incapacidad temporal a la Seguridad Social.\" \/>\n<meta name=\"robots\" content=\"index, follow, max-snippet:-1, max-image-preview:large, max-video-preview:-1\" \/>\n<link rel=\"canonical\" href=\"https:\/\/www.bufetgambus.com\/en\/nueva-forma-tramitacion-partes-incapacidad-temporal-seguridad-social\/\" \/>\n<meta property=\"og:locale\" content=\"en_US\" \/>\n<meta property=\"og:type\" content=\"article\" \/>\n<meta property=\"og:title\" content=\"Tramitaci\u00f3n de partes de incapaciadad temporal | Bufet Gamb\u00fas\" \/>\n<meta property=\"og:description\" content=\"En el art\u00edculo de hoy trataremos sobre la nueva forma de tramitaci\u00f3n de partes por incapacidad temporal a la Seguridad Social.\" \/>\n<meta property=\"og:url\" content=\"https:\/\/www.bufetgambus.com\/en\/nueva-forma-tramitacion-partes-incapacidad-temporal-seguridad-social\/\" \/>\n<meta property=\"og:site_name\" content=\"Bufet Gambus\" \/>\n<meta property=\"article:published_time\" content=\"2015-12-04T12:59:28+00:00\" \/>\n<meta property=\"article:modified_time\" content=\"2018-06-13T15:06:35+00:00\" \/>\n<meta property=\"og:image\" content=\"https:\/\/www.bufetgambus.com\/wp-content\/uploads\/2015\/12\/IT.jpg\" \/>\n\t<meta property=\"og:image:width\" content=\"849\" \/>\n\t<meta property=\"og:image:height\" content=\"564\" \/>\n\t<meta property=\"og:image:type\" content=\"image\/jpeg\" \/>\n<meta name=\"author\" content=\"Luzneyla\" \/>\n<meta name=\"twitter:card\" content=\"summary_large_image\" \/>\n<meta name=\"twitter:label1\" content=\"Written by\" \/>\n\t<meta name=\"twitter:data1\" content=\"Luzneyla\" \/>\n\t<meta name=\"twitter:label2\" content=\"Est. reading time\" \/>\n\t<meta name=\"twitter:data2\" content=\"2 minutes\" \/>\n<script type=\"application\/ld+json\" class=\"yoast-schema-graph\">{\"@context\":\"https:\/\/schema.org\",\"@graph\":[{\"@type\":\"Article\",\"@id\":\"https:\/\/www.bufetgambus.com\/en\/nueva-forma-tramitacion-partes-incapacidad-temporal-seguridad-social\/#article\",\"isPartOf\":{\"@id\":\"https:\/\/www.bufetgambus.com\/en\/nueva-forma-tramitacion-partes-incapacidad-temporal-seguridad-social\/\"},\"author\":{\"name\":\"Luzneyla\",\"@id\":\"https:\/\/www.bufetgambus.com\/#\/schema\/person\/cace25d8f22675c0115f46590b3fe563\"},\"headline\":\"NUEVA FORMA DE TRAMITACI\u00d3N DE PARTES DE INCAPACIDAD TEMPORAL A LA SEGURIDAD SOCIAL\",\"datePublished\":\"2015-12-04T12:59:28+00:00\",\"dateModified\":\"2018-06-13T15:06:35+00:00\",\"mainEntityOfPage\":{\"@id\":\"https:\/\/www.bufetgambus.com\/en\/nueva-forma-tramitacion-partes-incapacidad-temporal-seguridad-social\/\"},\"wordCount\":332,\"commentCount\":0,\"publisher\":{\"@id\":\"https:\/\/www.bufetgambus.com\/#organization\"},\"keywords\":[\"altas\",\"bajas\",\"confirmaci\u00f3n\",\"incapacidad temporal\",\"INSS\",\"Mutua\",\"tramitaci\u00f3n de partes\"],\"articleSection\":[\"Actualidad\",\"Sin categor\u00eda\"],\"inLanguage\":\"en-US\",\"potentialAction\":[{\"@type\":\"CommentAction\",\"name\":\"Comment\",\"target\":[\"https:\/\/www.bufetgambus.com\/en\/nueva-forma-tramitacion-partes-incapacidad-temporal-seguridad-social\/#respond\"]}]},{\"@type\":\"WebPage\",\"@id\":\"https:\/\/www.bufetgambus.com\/en\/nueva-forma-tramitacion-partes-incapacidad-temporal-seguridad-social\/\",\"url\":\"https:\/\/www.bufetgambus.com\/en\/nueva-forma-tramitacion-partes-incapacidad-temporal-seguridad-social\/\",\"name\":\"Tramitaci\u00f3n de partes de incapaciadad temporal | Bufet Gamb\u00fas\",\"isPartOf\":{\"@id\":\"https:\/\/www.bufetgambus.com\/#website\"},\"datePublished\":\"2015-12-04T12:59:28+00:00\",\"dateModified\":\"2018-06-13T15:06:35+00:00\",\"description\":\"En el art\u00edculo de hoy trataremos sobre la nueva forma de tramitaci\u00f3n de partes por incapacidad temporal a la Seguridad Social.\",\"breadcrumb\":{\"@id\":\"https:\/\/www.bufetgambus.com\/en\/nueva-forma-tramitacion-partes-incapacidad-temporal-seguridad-social\/#breadcrumb\"},\"inLanguage\":\"en-US\",\"potentialAction\":[{\"@type\":\"ReadAction\",\"target\":[\"https:\/\/www.bufetgambus.com\/en\/nueva-forma-tramitacion-partes-incapacidad-temporal-seguridad-social\/\"]}]},{\"@type\":\"BreadcrumbList\",\"@id\":\"https:\/\/www.bufetgambus.com\/en\/nueva-forma-tramitacion-partes-incapacidad-temporal-seguridad-social\/#breadcrumb\",\"itemListElement\":[{\"@type\":\"ListItem\",\"position\":1,\"name\":\"Portada\",\"item\":\"https:\/\/www.bufetgambus.com\/en\/\"},{\"@type\":\"ListItem\",\"position\":2,\"name\":\"NUEVA FORMA DE TRAMITACI\u00d3N DE PARTES DE INCAPACIDAD TEMPORAL A LA SEGURIDAD SOCIAL\"}]},{\"@type\":\"WebSite\",\"@id\":\"https:\/\/www.bufetgambus.com\/#website\",\"url\":\"https:\/\/www.bufetgambus.com\/\",\"name\":\"Bufet Gambus\",\"description\":\"\",\"publisher\":{\"@id\":\"https:\/\/www.bufetgambus.com\/#organization\"},\"potentialAction\":[{\"@type\":\"SearchAction\",\"target\":{\"@type\":\"EntryPoint\",\"urlTemplate\":\"https:\/\/www.bufetgambus.com\/?s={search_term_string}\"},\"query-input\":\"required name=search_term_string\"}],\"inLanguage\":\"en-US\"},{\"@type\":\"Organization\",\"@id\":\"https:\/\/www.bufetgambus.com\/#organization\",\"name\":\"Bufet Gamb\u00fas - Advocats i Economistes\",\"url\":\"https:\/\/www.bufetgambus.com\/\",\"logo\":{\"@type\":\"ImageObject\",\"inLanguage\":\"en-US\",\"@id\":\"https:\/\/www.bufetgambus.com\/#\/schema\/logo\/image\/\",\"url\":\"https:\/\/www.bufetgambus.com\/wp-content\/uploads\/2018\/04\/Logo-bufet-gambus-renovado.png\",\"contentUrl\":\"https:\/\/www.bufetgambus.com\/wp-content\/uploads\/2018\/04\/Logo-bufet-gambus-renovado.png\",\"width\":1200,\"height\":404,\"caption\":\"Bufet Gamb\u00fas - Advocats i Economistes\"},\"image\":{\"@id\":\"https:\/\/www.bufetgambus.com\/#\/schema\/logo\/image\/\"}},{\"@type\":\"Person\",\"@id\":\"https:\/\/www.bufetgambus.com\/#\/schema\/person\/cace25d8f22675c0115f46590b3fe563\",\"name\":\"Luzneyla\",\"image\":{\"@type\":\"ImageObject\",\"inLanguage\":\"en-US\",\"@id\":\"https:\/\/www.bufetgambus.com\/#\/schema\/person\/image\/\",\"url\":\"https:\/\/secure.gravatar.com\/avatar\/4869a69aa5a5f2f3d0250918aa4a98c8c9d75ca103c2546116ddfe0e8f789ef6?s=96&d=mm&r=g\",\"contentUrl\":\"https:\/\/secure.gravatar.com\/avatar\/4869a69aa5a5f2f3d0250918aa4a98c8c9d75ca103c2546116ddfe0e8f789ef6?s=96&d=mm&r=g\",\"caption\":\"Luzneyla\"}}]}<\/script>\n<!-- \/ Yoast SEO plugin. -->","yoast_head_json":{"title":"Tramitaci\u00f3n de partes de incapaciadad temporal | Bufet Gamb\u00fas","description":"En el art\u00edculo de hoy trataremos sobre la nueva forma de tramitaci\u00f3n de partes por incapacidad temporal a la Seguridad Social.","robots":{"index":"index","follow":"follow","max-snippet":"max-snippet:-1","max-image-preview":"max-image-preview:large","max-video-preview":"max-video-preview:-1"},"canonical":"https:\/\/www.bufetgambus.com\/en\/nueva-forma-tramitacion-partes-incapacidad-temporal-seguridad-social\/","og_locale":"en_US","og_type":"article","og_title":"Tramitaci\u00f3n de partes de incapaciadad temporal | Bufet Gamb\u00fas","og_description":"En el art\u00edculo de hoy trataremos sobre la nueva forma de tramitaci\u00f3n de partes por incapacidad temporal a la Seguridad Social.","og_url":"https:\/\/www.bufetgambus.com\/en\/nueva-forma-tramitacion-partes-incapacidad-temporal-seguridad-social\/","og_site_name":"Bufet Gambus","article_published_time":"2015-12-04T12:59:28+00:00","article_modified_time":"2018-06-13T15:06:35+00:00","og_image":[{"width":849,"height":564,"url":"https:\/\/www.bufetgambus.com\/wp-content\/uploads\/2015\/12\/IT.jpg","type":"image\/jpeg"}],"author":"Luzneyla","twitter_card":"summary_large_image","twitter_misc":{"Written by":"Luzneyla","Est. reading time":"2 minutes"},"schema":{"@context":"https:\/\/schema.org","@graph":[{"@type":"Article","@id":"https:\/\/www.bufetgambus.com\/en\/nueva-forma-tramitacion-partes-incapacidad-temporal-seguridad-social\/#article","isPartOf":{"@id":"https:\/\/www.bufetgambus.com\/en\/nueva-forma-tramitacion-partes-incapacidad-temporal-seguridad-social\/"},"author":{"name":"Luzneyla","@id":"https:\/\/www.bufetgambus.com\/#\/schema\/person\/cace25d8f22675c0115f46590b3fe563"},"headline":"NUEVA FORMA DE TRAMITACI\u00d3N DE PARTES DE INCAPACIDAD TEMPORAL A LA SEGURIDAD SOCIAL","datePublished":"2015-12-04T12:59:28+00:00","dateModified":"2018-06-13T15:06:35+00:00","mainEntityOfPage":{"@id":"https:\/\/www.bufetgambus.com\/en\/nueva-forma-tramitacion-partes-incapacidad-temporal-seguridad-social\/"},"wordCount":332,"commentCount":0,"publisher":{"@id":"https:\/\/www.bufetgambus.com\/#organization"},"keywords":["altas","bajas","confirmaci\u00f3n","incapacidad temporal","INSS","Mutua","tramitaci\u00f3n de partes"],"articleSection":["Actualidad","Sin categor\u00eda"],"inLanguage":"en-US","potentialAction":[{"@type":"CommentAction","name":"Comment","target":["https:\/\/www.bufetgambus.com\/en\/nueva-forma-tramitacion-partes-incapacidad-temporal-seguridad-social\/#respond"]}]},{"@type":"WebPage","@id":"https:\/\/www.bufetgambus.com\/en\/nueva-forma-tramitacion-partes-incapacidad-temporal-seguridad-social\/","url":"https:\/\/www.bufetgambus.com\/en\/nueva-forma-tramitacion-partes-incapacidad-temporal-seguridad-social\/","name":"Tramitaci\u00f3n de partes de incapaciadad temporal | Bufet Gamb\u00fas","isPartOf":{"@id":"https:\/\/www.bufetgambus.com\/#website"},"datePublished":"2015-12-04T12:59:28+00:00","dateModified":"2018-06-13T15:06:35+00:00","description":"En el art\u00edculo de hoy trataremos sobre la nueva forma de tramitaci\u00f3n de partes por incapacidad temporal a la Seguridad Social.","breadcrumb":{"@id":"https:\/\/www.bufetgambus.com\/en\/nueva-forma-tramitacion-partes-incapacidad-temporal-seguridad-social\/#breadcrumb"},"inLanguage":"en-US","potentialAction":[{"@type":"ReadAction","target":["https:\/\/www.bufetgambus.com\/en\/nueva-forma-tramitacion-partes-incapacidad-temporal-seguridad-social\/"]}]},{"@type":"BreadcrumbList","@id":"https:\/\/www.bufetgambus.com\/en\/nueva-forma-tramitacion-partes-incapacidad-temporal-seguridad-social\/#breadcrumb","itemListElement":[{"@type":"ListItem","position":1,"name":"Portada","item":"https:\/\/www.bufetgambus.com\/en\/"},{"@type":"ListItem","position":2,"name":"NUEVA FORMA DE TRAMITACI\u00d3N DE PARTES DE INCAPACIDAD TEMPORAL A LA SEGURIDAD SOCIAL"}]},{"@type":"WebSite","@id":"https:\/\/www.bufetgambus.com\/#website","url":"https:\/\/www.bufetgambus.com\/","name":"Bufet Gambus","description":"","publisher":{"@id":"https:\/\/www.bufetgambus.com\/#organization"},"potentialAction":[{"@type":"SearchAction","target":{"@type":"EntryPoint","urlTemplate":"https:\/\/www.bufetgambus.com\/?s={search_term_string}"},"query-input":"required name=search_term_string"}],"inLanguage":"en-US"},{"@type":"Organization","@id":"https:\/\/www.bufetgambus.com\/#organization","name":"Bufet Gamb\u00fas - Advocats i Economistes","url":"https:\/\/www.bufetgambus.com\/","logo":{"@type":"ImageObject","inLanguage":"en-US","@id":"https:\/\/www.bufetgambus.com\/#\/schema\/logo\/image\/","url":"https:\/\/www.bufetgambus.com\/wp-content\/uploads\/2018\/04\/Logo-bufet-gambus-renovado.png","contentUrl":"https:\/\/www.bufetgambus.com\/wp-content\/uploads\/2018\/04\/Logo-bufet-gambus-renovado.png","width":1200,"height":404,"caption":"Bufet Gamb\u00fas - Advocats i Economistes"},"image":{"@id":"https:\/\/www.bufetgambus.com\/#\/schema\/logo\/image\/"}},{"@type":"Person","@id":"https:\/\/www.bufetgambus.com\/#\/schema\/person\/cace25d8f22675c0115f46590b3fe563","name":"Luzneyla","image":{"@type":"ImageObject","inLanguage":"en-US","@id":"https:\/\/www.bufetgambus.com\/#\/schema\/person\/image\/","url":"https:\/\/secure.gravatar.com\/avatar\/4869a69aa5a5f2f3d0250918aa4a98c8c9d75ca103c2546116ddfe0e8f789ef6?s=96&d=mm&r=g","contentUrl":"https:\/\/secure.gravatar.com\/avatar\/4869a69aa5a5f2f3d0250918aa4a98c8c9d75ca103c2546116ddfe0e8f789ef6?s=96&d=mm&r=g","caption":"Luzneyla"}}]}},"_links":{"self":[{"href":"https:\/\/www.bufetgambus.com\/en\/wp-json\/wp\/v2\/posts\/2576","targetHints":{"allow":["GET"]}}],"collection":[{"href":"https:\/\/www.bufetgambus.com\/en\/wp-json\/wp\/v2\/posts"}],"about":[{"href":"https:\/\/www.bufetgambus.com\/en\/wp-json\/wp\/v2\/types\/post"}],"author":[{"embeddable":true,"href":"https:\/\/www.bufetgambus.com\/en\/wp-json\/wp\/v2\/users\/5"}],"replies":[{"embeddable":true,"href":"https:\/\/www.bufetgambus.com\/en\/wp-json\/wp\/v2\/comments?post=2576"}],"version-history":[{"count":2,"href":"https:\/\/www.bufetgambus.com\/en\/wp-json\/wp\/v2\/posts\/2576\/revisions"}],"predecessor-version":[{"id":2972,"href":"https:\/\/www.bufetgambus.com\/en\/wp-json\/wp\/v2\/posts\/2576\/revisions\/2972"}],"wp:featuredmedia":[{"embeddable":true,"href":"https:\/\/www.bufetgambus.com\/en\/wp-json\/wp\/v2\/media\/2577"}],"wp:attachment":[{"href":"https:\/\/www.bufetgambus.com\/en\/wp-json\/wp\/v2\/media?parent=2576"}],"wp:term":[{"taxonomy":"category","embeddable":true,"href":"https:\/\/www.bufetgambus.com\/en\/wp-json\/wp\/v2\/categories?post=2576"},{"taxonomy":"post_tag","embeddable":true,"href":"https:\/\/www.bufetgambus.com\/en\/wp-json\/wp\/v2\/tags?post=2576"}],"curies":[{"name":"wp","href":"https:\/\/api.w.org\/{rel}","templated":true}]}}